{"id":5812,"date":"2020-06-01T16:45:18","date_gmt":"2020-06-01T16:45:18","guid":{"rendered":"https:\/\/www.alamis-onlus.com\/?p=5812"},"modified":"2020-06-01T16:45:18","modified_gmt":"2020-06-01T16:45:18","slug":"projeto-alternativo-santa-teresa-verzeri-2019","status":"publish","type":"post","link":"https:\/\/www.alamis-odv.com\/pt-br\/projeto-alternativo-santa-teresa-verzeri-2019\/","title":{"rendered":"Projeto Alternativo Santa Teresa Verzeri 2019"},"content":{"rendered":"<p>O Projeto Alternativo Santa Teresa Verzeri que atua em Caruaru-PE &#8211; Brasil atende, crian\u00e7as entre 06 a 15 anos, em dois per\u00edodos manh\u00e3 e tarde. Pela manh\u00e3 na comunidade Santa Teresa Verzeri e na parte tarde na Par\u00f3quia S\u00e3o Jos\u00e9, a qual usamos o estacionamento para trabalhar com essas crian\u00e7as. As Irm\u00e3s que desenvolvem este projeto s\u00e3o: Ir. Maria de F\u00e1tima da Silva, Ir. Shyrley Carvalho Silva, Ir. Herm\u00ednia Frassetto.<\/p>\n<p>&nbsp;<\/p>\n<p>Estamos inseridas entre as localidades dessas crian\u00e7as que \u00e9 o Xingu e o Salgadinho. Esses locais s\u00e3o marcados pelo uso e tr\u00e1fico de drogas e, em consequ\u00eancia, a viol\u00eancia, envolvendo especialmente as crian\u00e7as que vive sem perspectiva e sonhos. O desemprego e\/ou trabalho informal \u00e9 comum nas fam\u00edlias do bairro e da cidade<\/p>\n<p>Muitas crian\u00e7as sofrem pelos abandonos dos pais, a maioria s\u00e3o cuidadas pelas av\u00f3s, irm\u00e3os, tios, pois os pais s\u00e3o presidi\u00e1rios, outras ainda porque s\u00e3o \u00f3rf\u00e3s devido \u00e0 viol\u00eancia. \u00c9 desafiador a situa\u00e7\u00e3o familiar em que se encontram essas crian\u00e7as e tudo isso afeta o comportamento delas, os quais se torna desafios n\u00e3o s\u00f3 para n\u00f3s do Projeto, mas tamb\u00e9m na escola e na fam\u00edlia devido serem crian\u00e7as agitadas, agressivas, com baixa-estima e desconfiadas.<\/p>\n<p><img decoding=\"async\" loading=\"lazy\" src=\"https:\/\/www.alamis-odv.com\/wp-content\/uploads\/2020\/06\/IMG-20190911-WA0033-200x200.jpg\" alt=\"\" width=\"200\" height=\"200\" class=\"alignnone size-thumbnail wp-image-5824\" srcset=\"https:\/\/www.alamis-odv.com\/wp-content\/uploads\/2020\/06\/IMG-20190911-WA0033-200x200.jpg 200w, https:\/\/www.alamis-odv.com\/wp-content\/uploads\/2020\/06\/IMG-20190911-WA0033-570x570.jpg 570w, https:\/\/www.alamis-odv.com\/wp-content\/uploads\/2020\/06\/IMG-20190911-WA0033-100x100.jpg 100w\" sizes=\"(max-width: 200px) 100vw, 200px\" \/><\/p>\n<p>Na verdade, o pr\u00f3prio ambiente onde moram n\u00e3o favorece para o desenvolvimento e educa\u00e7\u00e3o das crian\u00e7as. \u00a0O projeto tornar-se um espa\u00e7o de acolhida, escuta, de aprendizado e mais importantes para eles \u00e9 que garante a alimenta\u00e7\u00e3o porque alguns s\u00f3 tem aquela oportunidade de comer no nosso espa\u00e7o.<\/p>\n<p>O Projeto Santa Teresa vive a experi\u00eancia de ajudar essas crian\u00e7as a n\u00e3o passar a maior parte do tempo na rua, evitando de se envolverem com drogas ou servirem de avi\u00e3ozinho para conduzir as drogas para outras pessoas. Bem como, evitar a prostitui\u00e7\u00e3o e prevenir do abuso sexual e trabalho infantil.<\/p>\n<p>O projeto \u00e9 desenvolvido atrav\u00e9s de atividades l\u00fadicas e oficinas de habilidades manuais e culturais\u00a0 em parceria com os familiares, por meio de visitas e acompanhamento a situa\u00e7\u00f5es que necessitam.<\/p>\n<p>A parceria com a Secretaria Municipal da Crian\u00e7a e do Adolescente continua garantindo o sustento das atividades mantendo a alimenta\u00e7\u00e3o, oficineiros e monitoria para nos apoiar nas diversas atividades. Este ano de 2019 desenvolvemos atividades voltadas a leituras interpretativas, a arte tanto nos desenhos como nas habilidades manuais, a dan\u00e7a, jogos educativos, filmes educativos para desenvolver a concentra\u00e7\u00e3o bem como a capacidade de interpreta\u00e7\u00e3o de contexto. Trabalhamos a conviv\u00eancia respeitosa entre eles e n\u00f3s, e em parceria com a fam\u00edlia.<\/p>\n<p>Com o nascimento da nova comunidade Nossa Senhora Auxiliadora, os mesbros assumiram a constru\u00e7\u00e3o de uma sala para o nosso trabalho com as crian\u00e7as do projeto social.<\/p>\n<p>Esse emprenho acontece atrav\u00e9s uma de contribui\u00e7\u00e3o mensal por meio de um carn\u00e9, onde j\u00e1 aderiam mais 40 pessoas. Mas ainda n\u00e3o atingimos o valor do orcamento para come\u00e7ar a construir.<\/p>\n<p>A faculdade FAVIP- ofececeu o projeto arquitet\u00f3tico e o or\u00e7amento.<\/p>\n<p>Esse compromisso da comunidade, foi mais, al\u00e9m, ou seja, vendo as crian\u00e7as com suas m\u00e3es, nos lixeiros das ruas reconhendo material para recilcagem, chegaram a um consenso de elas mesmas, junto com seus visinhos, juntarem esses materias para entregar as essas familias.<\/p>\n<p>Mediante toda essa realidade apresentada \u00e9 com gratid\u00e3o que reconhecemos a grande doa\u00e7\u00e3o\u00a0 de todos voc\u00eas que fazem parte do Alamis, que como poderm ver pelas fotos foi possivel realizar durante esse ano essas atividade bem como,\u00a0 trazer um sorriso no rosto sofrido dessas crian\u00e7as. Realmente de m\u00e3os dadas podemos podemos ser sinal de vida e esperan\u00e7a para aqueles que nada tem.<\/p>\n<p>Aben\u00e7oado de 2020!<\/p>\n<p>Atenciosamente, Irm\u00e3s Filhas do Sagrado Cora\u00e7\u00e3o de Jesus,\u00a0Caruaru, 2019<\/p>\n","protected":false},"excerpt":{"rendered":"<p>O Projeto Alternativo Santa Teresa Verzeri que atua em Caruaru-PE &#8211; Brasil atende, crian\u00e7as entre 06 a 15 anos, em dois per\u00edodos manh\u00e3 e tarde. Pela manh\u00e3 na comunidade Santa Teresa Verzeri e na parte tarde na Par\u00f3quia S\u00e3o Jos\u00e9, a qual usamos o estacionamento para trabalhar com essas crian\u00e7as. As Irm\u00e3s que desenvolvem este [&hellip;]<\/p>\n","protected":false},"author":2,"featured_media":0,"comment_status":"closed","ping_status":"closed","sticky":false,"template":"","format":"standard","meta":{"_monsterinsights_skip_tracking":false,"_monsterinsights_sitenote_active":false,"_monsterinsights_sitenote_note":"","_monsterinsights_sitenote_category":0,"footnotes":""},"categories":[250],"tags":[768,765,766,769,767],"_links":{"self":[{"href":"https:\/\/www.alamis-odv.com\/pt-br\/wp-json\/wp\/v2\/posts\/5812"}],"collection":[{"href":"https:\/\/www.alamis-odv.com\/pt-br\/wp-json\/wp\/v2\/posts"}],"about":[{"href":"https:\/\/www.alamis-odv.com\/pt-br\/wp-json\/wp\/v2\/types\/post"}],"author":[{"embeddable":true,"href":"https:\/\/www.alamis-odv.com\/pt-br\/wp-json\/wp\/v2\/users\/2"}],"replies":[{"embeddable":true,"href":"https:\/\/www.alamis-odv.com\/pt-br\/wp-json\/wp\/v2\/comments?post=5812"}],"version-history":[{"count":2,"href":"https:\/\/www.alamis-odv.com\/pt-br\/wp-json\/wp\/v2\/posts\/5812\/revisions"}],"predecessor-version":[{"id":5872,"href":"https:\/\/www.alamis-odv.com\/pt-br\/wp-json\/wp\/v2\/posts\/5812\/revisions\/5872"}],"wp:attachment":[{"href":"https:\/\/www.alamis-odv.com\/pt-br\/wp-json\/wp\/v2\/media?parent=5812"}],"wp:term":[{"taxonomy":"category","embeddable":true,"href":"https:\/\/www.alamis-odv.com\/pt-br\/wp-json\/wp\/v2\/categories?post=5812"},{"taxonomy":"post_tag","embeddable":true,"href":"https:\/\/www.alamis-odv.com\/pt-br\/wp-json\/wp\/v2\/tags?post=5812"}],"curies":[{"name":"wp","href":"https:\/\/api.w.org\/{rel}","templated":true}]}}