{"id":5809,"date":"2020-06-01T16:07:21","date_gmt":"2020-06-01T16:07:21","guid":{"rendered":"https:\/\/www.alamis-onlus.com\/?p=5809"},"modified":"2020-06-01T16:07:21","modified_gmt":"2020-06-01T16:07:21","slug":"pascoa","status":"publish","type":"post","link":"https:\/\/www.alamis-odv.com\/pt-br\/pascoa\/","title":{"rendered":"P\u00c1SCOA"},"content":{"rendered":"<p align=\"center\" style=\"text-align: left;\"><span>O Mundo vive, neste momento, a PANDEMIA do CORONAVIR\u00daS, e sabemos que estamos vivendo um momento \u00edmpar na hist\u00f3ria da humanidade. Nosso Brasil, nosso Estado e nossa cidade de S\u00e3o Borja passam por momentos de cuidados, de isolamento, de solid\u00e3o, de preocupa\u00e7\u00e3o com o amanh\u00e3, MAS tamb\u00e9m convive com a solidariedade, uni\u00e3o, partilha, f\u00e9 e ora\u00e7\u00e3o, onde todos, de uma maneira ou outra, se ajudam, independente de credo ou partido pol\u00edtico.<\/span><\/p>\n<p style=\"text-align: left;\"><span>\u00a0Isto \u00e9 P\u00e1scoa, onde renasce o amor, a paz, a uni\u00e3o, a solidariedade.<\/span><\/p>\n<p style=\"text-align: left;\"><span>Na quinta-feira santa, dia 09 de Abril de 2020, vinte e cinco (25) educandos do Centro de Forma\u00e7\u00e3o Teresa Verzeri, e suas fam\u00edlias, foram agraciadas com uma cesta b\u00e1sica, que al\u00e9m de alimentos, continha uma caixa com chocolates. Esses educandos integram o PROJETO ALAMIS, e recebem a valiosa ajuda de\u00a0<b>Padrinhos\u00a0<\/b>que incansavelmente auxiliam para que essas crian\u00e7as tenham qualidade de vida e vida digna de esperan\u00e7a e de alegrias.<\/span><\/p>\n<p style=\"text-align: left;\"><span>A PANDEMIA mudou a rotina de muitas fam\u00edlias e de suas crian\u00e7as, o desemprego acentuou as dificuldades j\u00e1 enfrentadas por aqueles de vulnerabilidade social e econ\u00f4mica, afetando principalmente na alimenta\u00e7\u00e3o, necessidade b\u00e1sica de todos n\u00f3s.<\/span><\/p>\n<p style=\"text-align: left;\"><span>Com essa A\u00c7\u00c3O tentamos amenizar essa necessidade, e dar um alento de esperan\u00e7a, na certeza que dias melhores vir\u00e3o.<\/span><\/p>\n<p style=\"text-align: left;\"><span>Queridos Padrinhos, que a harmonia, a compreens\u00e3o e o amor se espalhem por todos os lares, e que a f\u00e9 e a esperan\u00e7a estejam sempre em vossos cora\u00e7\u00f5es. Feliz e aben\u00e7oada P\u00e1scoa. Voc\u00eas est\u00e3o sempre em nossas ora\u00e7\u00f5es.<\/span><\/p>\n<p style=\"text-align: left;\"><span><img decoding=\"async\" loading=\"lazy\" src=\"https:\/\/www.alamis-odv.com\/wp-content\/uploads\/2020\/06\/foto-tutti.jpeg\" alt=\"\" width=\"1\" height=\"1\" class=\"alignnone size-thumbnail wp-image-5800\" \/>Abra\u00e7os.<\/span><\/p>\n<p style=\"text-align: left;\"><span><img decoding=\"async\" loading=\"lazy\" src=\"https:\/\/www.alamis-odv.com\/wp-content\/uploads\/2020\/06\/foto-tutti.jpeg\" alt=\"\" width=\"1\" height=\"1\" class=\"alignnone size-thumbnail wp-image-5800\" \/>\u00a0<\/span><\/p>\n<p style=\"text-align: left;\"><span>Ir. Catarina Schiavo \u2013 Gestora Local<\/span><\/p>\n<p style=\"text-align: left;\"><span>Ia\u00e7an\u00e3 Luiza Pires \u2013 Diretora Social<\/span><\/p>\n<p style=\"text-align: left;\"><span>\u00a0<\/span><\/p>\n","protected":false},"excerpt":{"rendered":"<p>O Mundo vive, neste momento, a PANDEMIA do CORONAVIR\u00daS, e sabemos que estamos vivendo um momento \u00edmpar na hist\u00f3ria da humanidade. Nosso Brasil, nosso Estado e nossa cidade de S\u00e3o Borja passam por momentos de cuidados, de isolamento, de solid\u00e3o, de preocupa\u00e7\u00e3o com o amanh\u00e3, MAS tamb\u00e9m convive com a solidariedade, uni\u00e3o, partilha, f\u00e9 e [&hellip;]<\/p>\n","protected":false},"author":2,"featured_media":5800,"comment_status":"closed","ping_status":"closed","sticky":false,"template":"","format":"standard","meta":{"_monsterinsights_skip_tracking":false,"_monsterinsights_sitenote_active":false,"_monsterinsights_sitenote_note":"","_monsterinsights_sitenote_category":0,"footnotes":""},"categories":[250],"tags":[763,764],"_links":{"self":[{"href":"https:\/\/www.alamis-odv.com\/pt-br\/wp-json\/wp\/v2\/posts\/5809"}],"collection":[{"href":"https:\/\/www.alamis-odv.com\/pt-br\/wp-json\/wp\/v2\/posts"}],"about":[{"href":"https:\/\/www.alamis-odv.com\/pt-br\/wp-json\/wp\/v2\/types\/post"}],"author":[{"embeddable":true,"href":"https:\/\/www.alamis-odv.com\/pt-br\/wp-json\/wp\/v2\/users\/2"}],"replies":[{"embeddable":true,"href":"https:\/\/www.alamis-odv.com\/pt-br\/wp-json\/wp\/v2\/comments?post=5809"}],"version-history":[{"count":1,"href":"https:\/\/www.alamis-odv.com\/pt-br\/wp-json\/wp\/v2\/posts\/5809\/revisions"}],"predecessor-version":[{"id":5810,"href":"https:\/\/www.alamis-odv.com\/pt-br\/wp-json\/wp\/v2\/posts\/5809\/revisions\/5810"}],"wp:featuredmedia":[{"embeddable":true,"href":"https:\/\/www.alamis-odv.com\/pt-br\/wp-json\/wp\/v2\/media\/5800"}],"wp:attachment":[{"href":"https:\/\/www.alamis-odv.com\/pt-br\/wp-json\/wp\/v2\/media?parent=5809"}],"wp:term":[{"taxonomy":"category","embeddable":true,"href":"https:\/\/www.alamis-odv.com\/pt-br\/wp-json\/wp\/v2\/categories?post=5809"},{"taxonomy":"post_tag","embeddable":true,"href":"https:\/\/www.alamis-odv.com\/pt-br\/wp-json\/wp\/v2\/tags?post=5809"}],"curies":[{"name":"wp","href":"https:\/\/api.w.org\/{rel}","templated":true}]}}