{"id":5307,"date":"2019-10-11T10:32:49","date_gmt":"2019-10-11T10:32:49","guid":{"rendered":"https:\/\/www.alamis-onlus.com\/?p=5307"},"modified":"2019-10-21T10:18:26","modified_gmt":"2019-10-21T10:18:26","slug":"colonia-leopoldina-al-brasil","status":"publish","type":"post","link":"https:\/\/www.alamis-odv.com\/pt-br\/colonia-leopoldina-al-brasil\/","title":{"rendered":"COL\u00d4NIA LEOPOLDINA \u2013 AL &#8211; BRASIL"},"content":{"rendered":"\n<figure class=\"wp-block-image is-resized\"><img decoding=\"async\" loading=\"lazy\" src=\"https:\/\/www.alamis-odv.com\/wp-content\/uploads\/2019\/10\/Colonia_Leopoldina-1.png\" alt=\"\" class=\"wp-image-5308\" width=\"580\" height=\"311\"\/><\/figure>\n\n\n\n<p> Col\u00f4nia Leopoldina, Munic\u00edpio de Alagoas, est\u00e1 situado na regi\u00e3o Norte-nordeste do estado, com uma popula\u00e7\u00e3o de 20.213, habitantes, concentrada, especialmente na periferia.<\/p>\n\n\n\n<figure class=\"wp-block-image\"><img decoding=\"async\" src=\"https:\/\/www.alamis-odv.com\/wp-content\/uploads\/2019\/10\/foto-01-FILEminimizer-810x409.jpg\" alt=\"\" class=\"wp-image-5259\"\/><\/figure>\n\n\n\n<p>Os\nmorros que a cercam ostentam os canaviais que fornecem mat\u00e9ria prima do a\u00e7\u00facar\ne do \u00e1lcool.&nbsp; A colheita &nbsp;da cana oferece trabalho a muitas familias, &nbsp;sendo que os principais beneficiados s\u00e3o os\n\u201cgrandes\u201d, que visam lucro&nbsp; \u00e0 custa da\nexplora\u00e7\u00e3o dos pequenos.<\/p>\n\n\n\n<p>Desde&nbsp; 1973, as FSCJ est\u00e3o semeando nessa \u00e1rea. \u00c9 gratificante citar alguns nomes das primeiras irm\u00e3s&nbsp; que&nbsp;&nbsp; moraram&nbsp;&nbsp; em&nbsp; Colonia: Irm\u00e3 Ana Maria Canci, Cleonice Furini, Z\u00e9lia Fronza, Alexandrina&nbsp; Buzanello, Agostinha Fortuna, Gabriela Kischeloski, Irene Zanatta. Entre outras, em destaque, Ir. Josefina Dezem, 90 anos de idade, ainda presente nesta realidade.<\/p>\n\n\n\n<p>Bem aventurados os p\u00e9s, vindos de lugares diferentes, que\n&nbsp;\u201c<em>na\nsua miss\u00e3o, assumem os desafios da dimens\u00e3o educativo-formativa, ajudando as\npessoas a tomar consci\u00eancia de sua dignidade de filhos e filhas de Deus\u201d.(Cst.n\u00ba\n41)<\/em><\/p>\n\n\n\n<p>\u201cA exemplo de Jesus, dedicam-se a aliviar o sofrimento\nhumano e buscam iluminar com os valores evang\u00e9licos o sentido de viver, de\nsofrer e de morrer.\u201d Cst n\u00ba 42)<\/p>\n\n\n\n<p>Depois de alguns meses, enviada a esta comunidade,\ntenho a alegria de partilhar algumas atividades, realizadas em Colonia\nLeopoldina, que s\u00e3o motivo&nbsp; de louvor e\nagradecimento pelos carisma de Filhas que nos anima na miss\u00e3o: <\/p>\n\n\n\n<p><strong>Projeto \u201cDando as M\u00e3os\u201d \u2013 IRM\u00c3 IRENE ZANATTA <\/strong>: <\/p>\n\n\n\n<figure class=\"wp-block-image is-resized\"><img decoding=\"async\" loading=\"lazy\" src=\"https:\/\/www.alamis-odv.com\/wp-content\/uploads\/2019\/10\/foto-03-FILEminimizer-810x500.jpg\" alt=\"\" class=\"wp-image-5269\" width=\"619\" height=\"382\"\/><\/figure>\n\n\n\n<figure class=\"wp-block-image\"><img decoding=\"async\" src=\"https:\/\/www.alamis-odv.com\/wp-content\/uploads\/2019\/10\/foto-04-FILEminimizer-810x500.jpg\" alt=\"\" class=\"wp-image-5274\"\/><\/figure>\n\n\n\n<figure class=\"wp-block-image\"><img decoding=\"async\" src=\"https:\/\/www.alamis-odv.com\/wp-content\/uploads\/2019\/10\/foto-05-FILEminimizer-810x500.jpg\" alt=\"\" class=\"wp-image-5279\"\/><\/figure>\n\n\n\n<p>Ir. Irene Zanatta iniciou o Projeto em Col\u00f4nia\nLeopoldina, h\u00e1 25 anos, e &nbsp;ap\u00f3s sua\nmorte, em sua homenagem, foi&nbsp;\nidentificado com seu nome.<\/p>\n\n\n\n<p>Este&nbsp; Projeto\nvisa oportunizar\nalternativas que favorecem&nbsp;&nbsp; a auto\nestima e a inclus\u00e3o social; motivar gestos solid\u00e1rios, atrav\u00e9s de colaboradores\nque sustentam financeiramente&nbsp; o mesmo. <\/p>\n\n\n\n<p><strong>CLUBE&nbsp; DE&nbsp; \u201cM\u00c3ES\u201d<\/strong> <\/p>\n\n\n\n<p>Este Clube \u00e9 &nbsp;coordenado&nbsp; por&nbsp;\nIr. Josefina Dezem e conta com a colabora\u00e7\u00e3o de voluntarias. Est\u00e1 aberto para adolescentes, jovens e\nmulheres oferecendo oportunidade de desenvolverem habilidades art\u00edsticas, a criatividade\ne gestos solid\u00e1rios.<\/p>\n\n\n\n<p>No final do ano, \u00e9 feita uma exposi\u00e7\u00e3o com venda de trabalhos cujo&nbsp; resultado contempla&nbsp; tamb\u00e9m a &nbsp;JORNADA&nbsp; DE SOLIDARIEDADE&nbsp; em n\u00edvel de congrega\u00e7\u00e3o<em>. <\/em><\/p>\n\n\n\n<figure class=\"wp-block-image\"><img decoding=\"async\" src=\"https:\/\/www.alamis-odv.com\/wp-content\/uploads\/2019\/10\/foto-06-FILEminimizer-810x500.jpg\" alt=\"\" class=\"wp-image-5284\"\/><\/figure>\n\n\n\n<figure class=\"wp-block-image\"><img decoding=\"async\" src=\"https:\/\/www.alamis-odv.com\/wp-content\/uploads\/2019\/10\/foto-07-FILEminimizer-810x500.jpg\" alt=\"\" class=\"wp-image-5289\"\/><\/figure>\n\n\n\n<p><strong>CATEQUESE DE INICIA\u00c7\u00c3O \u00c0 VIDA\nCRIST\u00c3<\/strong> <\/p>\n\n\n\n<p>A comunidade de Col\u00f4nia Leopoldina assumiu em todos os grupos de catequese e evangeliza\u00e7\u00e3o, o m\u00e9todo da Leitura orante da B\u00edblia que, conforme os documentos da igreja, o m\u00e9todo quer ajudar na \u201cescuta atenta da Palavra e o di\u00e1logo com o Pai\u201d (DGAE ) \u201cFala, Senhor, que teu servo escuta\u201d. (1Sm 3,9).<\/p>\n\n\n\n<figure class=\"wp-block-image\"><img decoding=\"async\" loading=\"lazy\" width=\"810\" height=\"500\" src=\"https:\/\/www.alamis-odv.com\/wp-content\/uploads\/2019\/10\/foto-08-810x500.jpg\" alt=\"\" class=\"wp-image-5240\"\/><\/figure>\n\n\n\n<figure class=\"wp-block-image\"><img decoding=\"async\" src=\"https:\/\/www.alamis-odv.com\/wp-content\/uploads\/2019\/10\/foto-09-FILEminimizer-810x500.jpg\" alt=\"\" class=\"wp-image-5299\"\/><\/figure>\n\n\n\n<p style=\"text-align:right\"><em>Irm\u00e3\nAnita Viapiana<\/em><\/p>\n","protected":false},"excerpt":{"rendered":"<p>Col\u00f4nia Leopoldina, Munic\u00edpio de Alagoas, est\u00e1 situado na regi\u00e3o Norte-nordeste do estado, com uma popula\u00e7\u00e3o de 20.213, habitantes, concentrada, especialmente na periferia. Os morros que a cercam ostentam os canaviais que fornecem mat\u00e9ria prima do a\u00e7\u00facar e do \u00e1lcool.&nbsp; A colheita &nbsp;da cana oferece trabalho a muitas familias, &nbsp;sendo que os principais beneficiados s\u00e3o os [&hellip;]<\/p>\n","protected":false},"author":2,"featured_media":5311,"comment_status":"closed","ping_status":"closed","sticky":false,"template":"","format":"standard","meta":{"_monsterinsights_skip_tracking":false,"_monsterinsights_sitenote_active":false,"_monsterinsights_sitenote_note":"","_monsterinsights_sitenote_category":0,"footnotes":""},"categories":[105,1],"tags":[656,658,657],"_links":{"self":[{"href":"https:\/\/www.alamis-odv.com\/pt-br\/wp-json\/wp\/v2\/posts\/5307"}],"collection":[{"href":"https:\/\/www.alamis-odv.com\/pt-br\/wp-json\/wp\/v2\/posts"}],"about":[{"href":"https:\/\/www.alamis-odv.com\/pt-br\/wp-json\/wp\/v2\/types\/post"}],"author":[{"embeddable":true,"href":"https:\/\/www.alamis-odv.com\/pt-br\/wp-json\/wp\/v2\/users\/2"}],"replies":[{"embeddable":true,"href":"https:\/\/www.alamis-odv.com\/pt-br\/wp-json\/wp\/v2\/comments?post=5307"}],"version-history":[{"count":2,"href":"https:\/\/www.alamis-odv.com\/pt-br\/wp-json\/wp\/v2\/posts\/5307\/revisions"}],"predecessor-version":[{"id":5325,"href":"https:\/\/www.alamis-odv.com\/pt-br\/wp-json\/wp\/v2\/posts\/5307\/revisions\/5325"}],"wp:featuredmedia":[{"embeddable":true,"href":"https:\/\/www.alamis-odv.com\/pt-br\/wp-json\/wp\/v2\/media\/5311"}],"wp:attachment":[{"href":"https:\/\/www.alamis-odv.com\/pt-br\/wp-json\/wp\/v2\/media?parent=5307"}],"wp:term":[{"taxonomy":"category","embeddable":true,"href":"https:\/\/www.alamis-odv.com\/pt-br\/wp-json\/wp\/v2\/categories?post=5307"},{"taxonomy":"post_tag","embeddable":true,"href":"https:\/\/www.alamis-odv.com\/pt-br\/wp-json\/wp\/v2\/tags?post=5307"}],"curies":[{"name":"wp","href":"https:\/\/api.w.org\/{rel}","templated":true}]}}