{"id":4957,"date":"2019-06-24T16:11:50","date_gmt":"2019-06-24T16:11:50","guid":{"rendered":"https:\/\/www.alamis-onlus.com\/?p=4957"},"modified":"2019-06-24T16:11:52","modified_gmt":"2019-06-24T16:11:52","slug":"centro-de-formacao-teresa-verzeri","status":"publish","type":"post","link":"https:\/\/www.alamis-odv.com\/pt-br\/centro-de-formacao-teresa-verzeri\/","title":{"rendered":"Centro de Forma\u00e7\u00e3o Teresa Verzeri"},"content":{"rendered":"\n<p>O Centro de\nForma\u00e7\u00e3o Teresa Verzeri \u2013 Esteio, unidade de assist\u00eancia social da Rede Verzeri\nno ano de 2019 completa 13 anos de atua\u00e7\u00e3o em atividades socioeducativas no\nturno inverso a escola, para crian\u00e7as e adolescentes, dentre 6 a 17 anos\nincompletos. Embora, sejam 60 anos de presen\u00e7a, hist\u00f3ria e trabalhos comunit\u00e1rios\ndas Filhas do Sagrado Cora\u00e7\u00e3o de Jesus na comunidade local, com a funda\u00e7\u00e3o da\nEscola Sagrado Cora\u00e7\u00e3o de Jesus no ano de 1959, que dentre o per\u00edodo de 1999 a\n2005 passou pelo reordenamento institucional a partir da implanta\u00e7\u00e3o do \u201cProjeto\nSocial Educando para a Cidadania e Solidariedade\u201d, culminando com a abertura do\nCentro de Forma\u00e7\u00e3o.<\/p>\n\n\n\n<figure class=\"wp-block-image\"><img decoding=\"async\" loading=\"lazy\" width=\"810\" height=\"500\" src=\"https:\/\/www.alamis-odv.com\/wp-content\/uploads\/2019\/06\/ESTEIO1-Copia-810x500.jpg\" alt=\"\" class=\"wp-image-4963\"\/><\/figure>\n\n\n\n<p>O Servi\u00e7o executado\ndesde o ano de 2006 \u00e9 voltado para a conviv\u00eancia e fortalecimento de v\u00ednculos familiares e comunit\u00e1rios, possui car\u00e1ter preventivo e proativo, pautado na\ndefesa e afirma\u00e7\u00e3o de direitos e no desenvolvimento de capacidades e\npotencialidades dos usu\u00e1rios, com vistas ao alcance de alternativas\nemancipat\u00f3rias para o enfrentamento das vulnerabilidades sociais e na preven\u00e7\u00e3o\nde ocorr\u00eancia de situa\u00e7\u00f5es de risco.<\/p>\n\n\n\n<figure class=\"wp-block-image\"><img decoding=\"async\" loading=\"lazy\" width=\"810\" height=\"500\" src=\"https:\/\/www.alamis-odv.com\/wp-content\/uploads\/2019\/06\/ESTEIO2-Copia-810x500.jpg\" alt=\"\" class=\"wp-image-4968\"\/><\/figure>\n\n\n\n<p>As\natividades socioeducativas\/ oficinas ocorrem de segunda a quinta-feira, nos\nturnos manh\u00e3 e tarde, atrav\u00e9s de oficinas de Apoio Pedag\u00f3gico; Letramento e\nLeitura; Dan\u00e7a; M\u00fasica; Educa\u00e7\u00e3o Ambiental; SomNaLata (percuss\u00e3o com materiais\nrecicl\u00e1veis); Esporte e Lazer; Inclus\u00e3o Digital; al\u00e9m de atendimentos e\nacompanhamentos com profissionais de pedagogia, psicologia, servi\u00e7o social e\nnutri\u00e7\u00e3o. A alimenta\u00e7\u00e3o tamb\u00e9m \u00e9 garantida, atrav\u00e9s das refei\u00e7\u00f5es de caf\u00e9 da\nmanh\u00e3, almo\u00e7o e lanche, para muitas crian\u00e7as e adolescentes, suas \u00fanicas\nrefei\u00e7\u00f5es di\u00e1rias..<\/p>\n\n\n\n<p>A\ngrande maioria dos educandos, quando encaminhados ao Centro de Forma\u00e7\u00e3o, encontra-se\nem situa\u00e7\u00f5es de isolamento; trabalho\ninfantil; viv\u00eancia de viol\u00eancia e\/ ou neglig\u00eancia; fora da escola ou com\ndefasagem escolar superior a 02 (dois) anos; em situa\u00e7\u00e3o de acolhimento; situa\u00e7\u00e3o\nde abuso e\/ ou explora\u00e7\u00e3o sexual; crian\u00e7as e adolescentes em situa\u00e7\u00e3o de rua e vulnerabilidades\nque diz respeito \u00e0s pessoas com defici\u00eancia, o que demanda capacita\u00e7\u00e3o\nconstante da equipe de colaboradores, com vistas ao atendimento qualificado aos\ndiferentes perfis.<\/p>\n\n\n\n<figure class=\"wp-block-image\"><img decoding=\"async\" loading=\"lazy\" width=\"810\" height=\"500\" src=\"https:\/\/www.alamis-odv.com\/wp-content\/uploads\/2019\/06\/ESTEIO4-810x500.jpg\" alt=\"\" class=\"wp-image-4973\"\/><\/figure>\n\n\n\n<p>A busca de parcerias \u00e9 sistem\u00e1tica e\nimprescind\u00edvel para a execu\u00e7\u00e3o do trabalho social, seja com os diferentes servi\u00e7os\nque comp\u00f5em a rede de atendimento a crian\u00e7a e ao adolescente (escolas, postos\nde sa\u00fade, centros de assist\u00eancia social, associa\u00e7\u00f5es de moradores e outros),\ncomo tamb\u00e9m pessoas da comunidade que se voluntariam e dedicam parte de seu\ntempo para contribuir junto ao Centro de Forma\u00e7\u00e3o e ainda parcerias atrav\u00e9s de\nprojetos, como o Projeto Crian\u00e7a Cidad\u00e3, com financiamento da Petrobr\u00e1s atrav\u00e9s\ndo Programa Socioambiental, o qual possibilitou a expans\u00e3o da miss\u00e3o\ninstitucional e chegada no munic\u00edpio vizinho, Canoas. <\/p>\n\n\n\n<p>&nbsp;\n<strong>Texto para Alamis, a pedido da Presidente Irm\u00e3\nNeusa<\/strong><\/p>\n","protected":false},"excerpt":{"rendered":"<p>O Centro de Forma\u00e7\u00e3o Teresa Verzeri \u2013 Esteio, unidade de assist\u00eancia social da Rede Verzeri no ano de 2019 completa 13 anos de atua\u00e7\u00e3o em atividades socioeducativas no turno inverso a escola, para crian\u00e7as e adolescentes, dentre 6 a 17 anos incompletos. Embora, sejam 60 anos de presen\u00e7a, hist\u00f3ria e trabalhos comunit\u00e1rios das Filhas do [&hellip;]<\/p>\n","protected":false},"author":2,"featured_media":4958,"comment_status":"closed","ping_status":"closed","sticky":false,"template":"","format":"standard","meta":{"_monsterinsights_skip_tracking":false,"_monsterinsights_sitenote_active":false,"_monsterinsights_sitenote_note":"","_monsterinsights_sitenote_category":0,"footnotes":""},"categories":[105],"tags":[411,639,412],"_links":{"self":[{"href":"https:\/\/www.alamis-odv.com\/pt-br\/wp-json\/wp\/v2\/posts\/4957"}],"collection":[{"href":"https:\/\/www.alamis-odv.com\/pt-br\/wp-json\/wp\/v2\/posts"}],"about":[{"href":"https:\/\/www.alamis-odv.com\/pt-br\/wp-json\/wp\/v2\/types\/post"}],"author":[{"embeddable":true,"href":"https:\/\/www.alamis-odv.com\/pt-br\/wp-json\/wp\/v2\/users\/2"}],"replies":[{"embeddable":true,"href":"https:\/\/www.alamis-odv.com\/pt-br\/wp-json\/wp\/v2\/comments?post=4957"}],"version-history":[{"count":1,"href":"https:\/\/www.alamis-odv.com\/pt-br\/wp-json\/wp\/v2\/posts\/4957\/revisions"}],"predecessor-version":[{"id":4978,"href":"https:\/\/www.alamis-odv.com\/pt-br\/wp-json\/wp\/v2\/posts\/4957\/revisions\/4978"}],"wp:featuredmedia":[{"embeddable":true,"href":"https:\/\/www.alamis-odv.com\/pt-br\/wp-json\/wp\/v2\/media\/4958"}],"wp:attachment":[{"href":"https:\/\/www.alamis-odv.com\/pt-br\/wp-json\/wp\/v2\/media?parent=4957"}],"wp:term":[{"taxonomy":"category","embeddable":true,"href":"https:\/\/www.alamis-odv.com\/pt-br\/wp-json\/wp\/v2\/categories?post=4957"},{"taxonomy":"post_tag","embeddable":true,"href":"https:\/\/www.alamis-odv.com\/pt-br\/wp-json\/wp\/v2\/tags?post=4957"}],"curies":[{"name":"wp","href":"https:\/\/api.w.org\/{rel}","templated":true}]}}