{"id":4931,"date":"2019-07-03T13:17:41","date_gmt":"2019-07-03T13:17:41","guid":{"rendered":"https:\/\/www.alamis-onlus.com\/?p=4931"},"modified":"2019-07-03T13:49:51","modified_gmt":"2019-07-03T13:49:51","slug":"pinceladas-missionarias-manaus-monitorando-avaliando-a-missao","status":"publish","type":"post","link":"https:\/\/www.alamis-odv.com\/pt-br\/pinceladas-missionarias-manaus-monitorando-avaliando-a-missao\/","title":{"rendered":"PINCELADAS MISSIONARIAS &#8211;  MANAUS MONITORANDO\/AVALIANDO A MISS\u00c3O"},"content":{"rendered":"\n<p>Partilha\nsobre a realidade da regi\u00e3o, \u00e0s v\u00e9speras S\u00ednodo da Amaz\u00f4nia, atrav\u00e9s de rodas\nde conversa preparamos as comunidades para viverem este grande evento da Igreja\nAmaz\u00f4nica.<\/p>\n\n\n\n<p>Vivemos em\num contexto de &nbsp;situa\u00e7\u00e3o migrat\u00f3ria de\nVenezuelanos e ind\u00edgenas que circundam todo Norte do Brasil, que chegam \u201cdeserdados\u201d\nde seu pa\u00eds com pedido de socorro. Em parceria com a Caritas vamos realizando\nessa miss\u00e3o desafiadora, com v\u00e1rias a\u00e7\u00f5es que v\u00e3o embelezando a vida e nos\nprovocando para \u201cabrir os bra\u00e7os do cora\u00e7\u00e3o\u201d para amar, acolher, abra\u00e7ar.\nDiante deste ch\u00e3o&#8230; &nbsp;paramos para cantar\n<em>\u201cSenhor, quanto mais caminho, mais vejo aumentar\na estrada&#8230;. teus passos irei seguindo a paz vou distribuindo, o mundo\nevangelizado, ser\u00e1, enfim transformado, em paz e em salva\u00e7\u00e3o&#8230;\u201d. <\/em><\/p>\n\n\n\n<p>Com este olhar\nde missionarias FILHAS DO SAGRADO CORA\u00c7\u00c3O DE JESUS, fomos revendo\/redimensionando\nque a miss\u00e3o apresenta outro publico: os migrantes Venezuelanos e ind\u00edgenas,\nlocalizados aqui bem pertinho de nossa casa. S\u00e3o aproximadamente 300 pessoas\ncom grande numero de crian\u00e7as. &nbsp;Nos\nperguntamos&#8230; O que fazer? Esta quest\u00e3o migrat\u00f3ria &nbsp;\u00e9 um grito novo que surgiu na nossa\nrealidade,&nbsp; por\u00e9m com cora\u00e7\u00e3o&nbsp; mission\u00e1rio vamos criando estrat\u00e9giasde <em>\u201cAcolhida\nde situa\u00e7\u00f5es emergenciais e gritos da realidade\u201d<\/em>. Damos o primeiro passo: estar\ncom eles, os migrantes&#8230; escutar suas historias, suas dores de terem sido\nobrigados a deixar sua terra, sua casa, parentes, amigos&#8230; E assim estamos\nfazendo <em>\u201ccoisas pequenas, neste pequeno\nlugar, na certeza de que estamos transformando o mundo\u201d. &nbsp;<\/em><\/p>\n\n\n\n<p>Um dos\ngrandes desafios \u00e9 aprender a l\u00edngua em espanhol e entender o povo\nind\u00edgena&#8230;.. Nos comunicamos com o sorriso, com os gestos&#8230; &nbsp;\u00c9 bonito ver comunit\u00e1rios doando n\u00e3o somente\nroupa, comida, mas querendo doar de seu tempo colocando seus dons a servi\u00e7o de\nquem mais precisa. Esta \u00e9 a Igreja em sa\u00edda.<\/p>\n\n\n\n<p>&nbsp;\u00c9 miss\u00e3o integrada com a Pastoral do Migrante,\nda Crian\u00e7a, Caritas, Minist\u00e9rio Publico. \u00c9 miss\u00e3o exigente&#8230; e bonita se torna\nquando pessoas abrem seus olhos, cora\u00e7\u00e3o e ouvidos e com Jesus dizer: <em>\u201ctenho compaix\u00e3o deste povo, dai-lhes v\u00f3s\nmesmos de comer\u201d.<\/em> &nbsp;<\/p>\n","protected":false},"excerpt":{"rendered":"<p>Partilha sobre a realidade da regi\u00e3o, \u00e0s v\u00e9speras S\u00ednodo da Amaz\u00f4nia, atrav\u00e9s de rodas de conversa preparamos as comunidades para viverem este grande evento da Igreja Amaz\u00f4nica. Vivemos em um contexto de &nbsp;situa\u00e7\u00e3o migrat\u00f3ria de Venezuelanos e ind\u00edgenas que circundam todo Norte do Brasil, que chegam \u201cdeserdados\u201d de seu pa\u00eds com pedido de socorro. Em [&hellip;]<\/p>\n","protected":false},"author":2,"featured_media":4987,"comment_status":"closed","ping_status":"closed","sticky":false,"template":"","format":"standard","meta":{"_monsterinsights_skip_tracking":false,"_monsterinsights_sitenote_active":false,"_monsterinsights_sitenote_note":"","_monsterinsights_sitenote_category":0,"footnotes":""},"categories":[105],"tags":[641,644,596,640,642,643],"_links":{"self":[{"href":"https:\/\/www.alamis-odv.com\/pt-br\/wp-json\/wp\/v2\/posts\/4931"}],"collection":[{"href":"https:\/\/www.alamis-odv.com\/pt-br\/wp-json\/wp\/v2\/posts"}],"about":[{"href":"https:\/\/www.alamis-odv.com\/pt-br\/wp-json\/wp\/v2\/types\/post"}],"author":[{"embeddable":true,"href":"https:\/\/www.alamis-odv.com\/pt-br\/wp-json\/wp\/v2\/users\/2"}],"replies":[{"embeddable":true,"href":"https:\/\/www.alamis-odv.com\/pt-br\/wp-json\/wp\/v2\/comments?post=4931"}],"version-history":[{"count":3,"href":"https:\/\/www.alamis-odv.com\/pt-br\/wp-json\/wp\/v2\/posts\/4931\/revisions"}],"predecessor-version":[{"id":5046,"href":"https:\/\/www.alamis-odv.com\/pt-br\/wp-json\/wp\/v2\/posts\/4931\/revisions\/5046"}],"wp:featuredmedia":[{"embeddable":true,"href":"https:\/\/www.alamis-odv.com\/pt-br\/wp-json\/wp\/v2\/media\/4987"}],"wp:attachment":[{"href":"https:\/\/www.alamis-odv.com\/pt-br\/wp-json\/wp\/v2\/media?parent=4931"}],"wp:term":[{"taxonomy":"category","embeddable":true,"href":"https:\/\/www.alamis-odv.com\/pt-br\/wp-json\/wp\/v2\/categories?post=4931"},{"taxonomy":"post_tag","embeddable":true,"href":"https:\/\/www.alamis-odv.com\/pt-br\/wp-json\/wp\/v2\/tags?post=4931"}],"curies":[{"name":"wp","href":"https:\/\/api.w.org\/{rel}","templated":true}]}}