{"id":4902,"date":"2019-06-24T15:31:21","date_gmt":"2019-06-24T15:31:21","guid":{"rendered":"https:\/\/www.alamis-onlus.com\/?p=4902"},"modified":"2019-06-24T16:04:50","modified_gmt":"2019-06-24T16:04:50","slug":"missao-das-filhas-do-sagrado-coracao-de-jesus-no-paraguai","status":"publish","type":"post","link":"https:\/\/www.alamis-odv.com\/pt-br\/missao-das-filhas-do-sagrado-coracao-de-jesus-no-paraguai\/","title":{"rendered":"MISS\u00c3O DAS FILHAS DO SAGRADO CORA\u00c7\u00c3O DE JESUS NO PARAGUAI"},"content":{"rendered":"\n<p>Nossa\nmiss\u00e3o &nbsp;no Paraguay continua com fervor a\ncada dia que passa os desafios e as necessidades s\u00e3o\nenormes, nos dedicamos mais com a Pastoral familiar, juventude, voca\u00e7\u00f5es e\nvisita e ajuda a fam\u00edlias necessitadas.<\/p>\n\n\n\n<figure class=\"wp-block-image\"><img decoding=\"async\" loading=\"lazy\" width=\"810\" height=\"500\" src=\"https:\/\/www.alamis-odv.com\/wp-content\/uploads\/2019\/06\/3-3-810x500.jpg\" alt=\"\" class=\"wp-image-4903\"\/><\/figure>\n\n\n\n<figure class=\"wp-block-image\"><img decoding=\"async\" loading=\"lazy\" width=\"810\" height=\"500\" src=\"https:\/\/www.alamis-odv.com\/wp-content\/uploads\/2019\/06\/4-2-810x500.jpg\" alt=\"\" class=\"wp-image-4908\"\/><\/figure>\n\n\n\n<p>&nbsp;&nbsp;&nbsp;&nbsp;&nbsp;&nbsp;&nbsp;&nbsp;&nbsp;&nbsp;&nbsp; &nbsp;Com o grupo Juventude Verzeriana&nbsp; sempre no primeiro domingo ap\u00f3s a missa,\ntemos forma\u00e7\u00e3o que \u00e9 um momento bem valorizado por eles. Em cada encontro participam\nentre 25 a 30 jovens, no segundo e terceiro domingo eles se encontram para\nfazer comunica\u00e7\u00f5es e din\u00e2micas &nbsp;que os\ncoordenadores trazem do&nbsp; encontro que\nparticiparam em n\u00edvel de Par\u00f3quia. No quarto domingo temos a missa juvenil&nbsp; onde participam jovens das 14 capelas, essas\nmissas cada vez s\u00e3o em uma capela e sempre tem boa participa\u00e7\u00e3o. Ap\u00f3s essa\nmissa tamb\u00e9m tem um momento de forma\u00e7\u00e3o para todos os jovens. &nbsp;&nbsp;&nbsp;&nbsp;&nbsp;&nbsp;&nbsp;&nbsp;&nbsp;&nbsp;&nbsp;&nbsp;&nbsp; \u00c9\nbonito ver o processo de crescimento, abertura e lideran\u00e7a dos jovens. O jovem\nque era o coordenador de nosso grupo Verzeriano foi escolhido para ser o\ncoordenador da Pastoral da Juventude a n\u00edvel Paroquial, sentimos em \u201cperde-lo\u201d,\npor outro lado nos sentimos orgulhosos de ver a evolu\u00e7\u00e3o, o crescimento e a\nlideran\u00e7a desenvolvida. <\/p>\n\n\n\n<p>&nbsp;&nbsp;&nbsp;&nbsp;&nbsp;&nbsp;&nbsp;&nbsp;&nbsp;&nbsp;&nbsp; Neste ano o grupo esta se\norganizando para participar do segundo Acampamento Internacional da Juventude\nVerzeriana no Brasil. Eles est\u00e3o bem entusiasmados em participar e conhecer\noutros jovens de outros pa\u00edses.<\/p>\n\n\n\n<p>Tamb\u00e9m\nacompanhamos um grupo juvenil em nossa comunidade religiosa, que acontece\nsempre no primeiro domingo de cada m\u00eas, com o desejo de encant\u00e1-las e\ndespert\u00e1-las a um maior encantamento por Jesus Cristo. Quem sabe algumas\nfuturas Filhas do Sagrado Cora\u00e7\u00e3o de Jesus.<\/p>\n\n\n\n<p>Nesses\nencontros formativos, utilizamos din\u00e2micas de integra\u00e7\u00e3o, de entre ajuda, de\npartilha e reflex\u00e3o de textos B\u00edblicos, de momentos de ora\u00e7\u00e3o e conviv\u00eancia\nentre elas e as Irm\u00e3s da Comunidade.&nbsp; &nbsp;&nbsp;<\/p>\n\n\n\n<figure class=\"wp-block-image\"><img decoding=\"async\" loading=\"lazy\" width=\"810\" height=\"500\" src=\"https:\/\/www.alamis-odv.com\/wp-content\/uploads\/2019\/06\/5-1-810x500.jpg\" alt=\"\" class=\"wp-image-4913\"\/><\/figure>\n\n\n\n<p>&nbsp;&nbsp;&nbsp;&nbsp;&nbsp;&nbsp;&nbsp;&nbsp;&nbsp;&nbsp;&nbsp; Outra pastoral que nos dedicamos com\nmuita garra \u00e9 a Pastoral Familiar. Diante da realidade em que vivemos, e que as\nfam\u00edlias vivem nos sentimos desafiadas em acompanha-las e orienta-las, a uma\nviv\u00eancia familiar harmoniosa, alegre e feliz. &nbsp;Para que possamos atingir um maior n\u00famero de\nfam\u00edlias a serem acompanhadas, formou-se uma equipe de oito casais para ministrar\ncursos de forma\u00e7\u00e3o pr\u00e9 matrimonias e p\u00f3s-matrimoniais. A Coordena\u00e7\u00e3o da Capela\nsolicitou nossa participa\u00e7\u00e3o na catequese familiar dando catequese, fazer\nvisitas domiciliares e ver as realidades onde vivem os catequizandos.<\/p>\n\n\n\n<figure class=\"wp-block-image\"><img decoding=\"async\" loading=\"lazy\" width=\"810\" height=\"500\" src=\"https:\/\/www.alamis-odv.com\/wp-content\/uploads\/2019\/06\/foto-2-810x500.jpg\" alt=\"\" class=\"wp-image-4918\"\/><\/figure>\n\n\n\n<p>&nbsp;Atendemos &nbsp;individualmente&nbsp; os casais, os adolescentes e crian\u00e7as\norientando-os en suas dificuldades.<\/p>\n\n\n\n<p>&nbsp;Ministram palestras para grupos de fam\u00edlias\ncom o Tema: <em>Como educar os filhos hoje,\ndentro de valores humanos e crist\u00e3os.<\/em><\/p>\n\n\n\n<p>Mensalmente\na equipe se re\u00fane para estudo, programa\u00e7\u00e3o, partilha, conviv\u00eancia, avalia\u00e7\u00e3o,\nprograma\u00e7\u00e3o e para preparar a liturgia dominical, na qual a equipe \u00e9\nrespons\u00e1vel a cada dois meses na Capela D\u00edos Padre de Miseric\u00f3rdioso.<\/p>\n\n\n\n<p>&nbsp;&nbsp;&nbsp;&nbsp;&nbsp;&nbsp;&nbsp;&nbsp;&nbsp;&nbsp;&nbsp; No m\u00eas de outubro de cada ano a\nequipe prepara com muito empenho a Semana da Fam\u00edlia, atrav\u00e9s de celebra\u00e7\u00f5es e\npalestras orientativas, com temas espec\u00edficos para cada ano.<\/p>\n","protected":false},"excerpt":{"rendered":"<p>Nossa miss\u00e3o &nbsp;no Paraguay continua com fervor a cada dia que passa os desafios e as necessidades s\u00e3o enormes, nos dedicamos mais com a Pastoral familiar, juventude, voca\u00e7\u00f5es e visita e ajuda a fam\u00edlias necessitadas. &nbsp;&nbsp;&nbsp;&nbsp;&nbsp;&nbsp;&nbsp;&nbsp;&nbsp;&nbsp;&nbsp; &nbsp;Com o grupo Juventude Verzeriana&nbsp; sempre no primeiro domingo ap\u00f3s a missa, temos forma\u00e7\u00e3o que \u00e9 um momento bem [&hellip;]<\/p>\n","protected":false},"author":2,"featured_media":4911,"comment_status":"closed","ping_status":"closed","sticky":false,"template":"","format":"standard","meta":{"_monsterinsights_skip_tracking":false,"_monsterinsights_sitenote_active":false,"_monsterinsights_sitenote_note":"","_monsterinsights_sitenote_category":0,"footnotes":""},"categories":[105],"tags":[],"_links":{"self":[{"href":"https:\/\/www.alamis-odv.com\/pt-br\/wp-json\/wp\/v2\/posts\/4902"}],"collection":[{"href":"https:\/\/www.alamis-odv.com\/pt-br\/wp-json\/wp\/v2\/posts"}],"about":[{"href":"https:\/\/www.alamis-odv.com\/pt-br\/wp-json\/wp\/v2\/types\/post"}],"author":[{"embeddable":true,"href":"https:\/\/www.alamis-odv.com\/pt-br\/wp-json\/wp\/v2\/users\/2"}],"replies":[{"embeddable":true,"href":"https:\/\/www.alamis-odv.com\/pt-br\/wp-json\/wp\/v2\/comments?post=4902"}],"version-history":[{"count":1,"href":"https:\/\/www.alamis-odv.com\/pt-br\/wp-json\/wp\/v2\/posts\/4902\/revisions"}],"predecessor-version":[{"id":4923,"href":"https:\/\/www.alamis-odv.com\/pt-br\/wp-json\/wp\/v2\/posts\/4902\/revisions\/4923"}],"wp:featuredmedia":[{"embeddable":true,"href":"https:\/\/www.alamis-odv.com\/pt-br\/wp-json\/wp\/v2\/media\/4911"}],"wp:attachment":[{"href":"https:\/\/www.alamis-odv.com\/pt-br\/wp-json\/wp\/v2\/media?parent=4902"}],"wp:term":[{"taxonomy":"category","embeddable":true,"href":"https:\/\/www.alamis-odv.com\/pt-br\/wp-json\/wp\/v2\/categories?post=4902"},{"taxonomy":"post_tag","embeddable":true,"href":"https:\/\/www.alamis-odv.com\/pt-br\/wp-json\/wp\/v2\/tags?post=4902"}],"curies":[{"name":"wp","href":"https:\/\/api.w.org\/{rel}","templated":true}]}}