{"id":4899,"date":"2019-06-24T15:08:13","date_gmt":"2019-06-24T15:08:13","guid":{"rendered":"https:\/\/www.alamis-onlus.com\/?p=4899"},"modified":"2019-06-24T15:08:15","modified_gmt":"2019-06-24T15:08:15","slug":"mocambique-possibilidade-dor-e-esperanca","status":"publish","type":"post","link":"https:\/\/www.alamis-odv.com\/pt-br\/mocambique-possibilidade-dor-e-esperanca\/","title":{"rendered":"MO\u00c7AMBIQUE: POSSIBILIDADE, DOR E ESPERAN\u00c7A"},"content":{"rendered":"\n<p>Mo\u00e7ambique \u00e9 um Pa\u00eds que se localiza ao\nsudeste do Continente Africano. \u00c9 formado por 11 Prov\u00edncias e dentre elas, Cabo\nDelgado, localizada no extremo nordeste do Pa\u00eds cuja capital provincial \u00e9\nPemba. Sua localiza\u00e7\u00e3o geogr\u00e1fica e seu solo trazem consigo imensa <strong>possibilidade<\/strong> de descoberta, liberdade\ne vida. Possui mar com g\u00e1s, reservas de rubi e outras pedras preciosas, mas\npara al\u00e9m de tudo isso, h\u00e1 \u201cespinhos\u201d entre as \u201crosas\u201d e, com as <strong>dores<\/strong> vividas por este povo podemos\nfazer um ros\u00e1rio com muitas Ave Marias. A maior parte da popula\u00e7\u00e3o vive em\naleias com casas de material local (capim e taipa-barro), sem \u00e1gua, sem luz e 66,6%\nda mesma s\u00e3o analfabetos e em maior n\u00famero as mulheres.<\/p>\n\n\n\n<p>Fora isso, uma grande <strong>dor<\/strong> est\u00e1 atingir o cora\u00e7\u00e3o do povo de Cabo Delgado, mais\nprecisamente e, n\u00e3o \u201ccasualmente\u201d, onde se localizam as jazidas de rubi, o\npetr\u00f3leo e o g\u00e1s, ao norte da diocese de Pemba, um grupo de insurgentes que\natacam as aldeias. Colocam fogo nas casas e usando suas catanas = fac\u00e3o,\nassassinam as pessoas com a maior frieza e matam de modo especial homens de qualquer\nidade. Filhos da terra morrendo sem sentido, sem justificativa e nem o direito\nde saber o porqu\u00ea. Essa situa\u00e7\u00e3o deixa as pessoas com medo e acabam abandonando\na aldeia, suas casas, sua machamba=lavoura a procura de lugar mais seguro.\nHouve diminui\u00e7\u00e3o dos ataques, mas quando o povo menos espera eles reaparecem. A\npol\u00edcia est\u00e1 mais atuante e isso tem dado certa seguran\u00e7a.<\/p>\n\n\n\n<figure class=\"wp-block-image\"><img decoding=\"async\" loading=\"lazy\" width=\"720\" height=\"480\" src=\"https:\/\/www.alamis-odv.com\/wp-content\/uploads\/2019\/06\/IMG-20190430-WA0009.jpg\" alt=\"\" class=\"wp-image-4891\" srcset=\"https:\/\/www.alamis-odv.com\/wp-content\/uploads\/2019\/06\/IMG-20190430-WA0009.jpg 720w, https:\/\/www.alamis-odv.com\/wp-content\/uploads\/2019\/06\/IMG-20190430-WA0009-570x380.jpg 570w\" sizes=\"(max-width: 720px) 100vw, 720px\" \/><\/figure>\n\n\n\n<p>Como se n\u00e3o bastasse tudo isso, a natureza\ntamb\u00e9m resolve pesar sobre os filhos desta terra j\u00e1 t\u00e3o sofrida. O ciclone Idai,\nem 14\/3 provocou cerca de mil mortes no centro do Pa\u00eds, destruindo as Cidade de\nBeira e Sofala. Nosso Bispo Dom Luiz Fernando\nLisboa sempre muito sens\u00edvel ao sofrimento do povo mobilizou as diversas\nentidades para ajuda humanit\u00e1ria e enquanto isso acontecia, nos \u00e9 anunciado o\nciclone Kenneth, desta vez atingindo Cabo Delgado, mais precisamente Palma e\nPemba. Com rajadas de vento de 280 km\/h e ac\u00famulo de chuva de 100 a 150 mm de\n\u00e1gua em 24h, o ciclone Kennedt atingiu o territ\u00f3rio mo\u00e7ambicano a partir do dia\n25\/04 e com for\u00e7a extrema superior a do ciclone Idai. <\/p>\n\n\n\n<figure class=\"wp-block-image\"><img decoding=\"async\" loading=\"lazy\" width=\"720\" height=\"500\" src=\"https:\/\/www.alamis-odv.com\/wp-content\/uploads\/2019\/06\/IMG-20190430-WA0008-720x500.jpg\" alt=\"\" class=\"wp-image-4881\" srcset=\"https:\/\/www.alamis-odv.com\/wp-content\/uploads\/2019\/06\/IMG-20190430-WA0008-720x500.jpg 720w, https:\/\/www.alamis-odv.com\/wp-content\/uploads\/2019\/06\/IMG-20190430-WA0008-220x154.jpg 220w\" sizes=\"(max-width: 720px) 100vw, 720px\" \/><\/figure>\n\n\n\n<p>No s\u00e1bado 27, o Ciclone j\u00e1 foi rebaixado a\numa depress\u00e3o tropical, significa que perdeu intensidade e os ventos\ndiminu\u00edram, por\u00e9m, j\u00e1 havia devastado os distritos de Mocimboa da Praia,\nMuidumbe, Palma, Ibo e Macomia, sendo este \u00faltimo arrasado, arvores ca\u00eddas,\ncasas desde as com menos estruturas at\u00e9 a dos mission\u00e1rios, a escola, a Igreja,\nfoi teto caindo, paredes desabando, \u201cum verdadeiro horror\u201d, disse o Bispo Dom\nLuiz, ao voltar de sua visita aquela comunidade. Ibo, por ser uma ilha e n\u00e3o\nmuito extensa tamb\u00e9m foi muito danificada, inclusive a Igreja hist\u00f3rica, uma\ndas primeiras da Prov\u00edncia. Os estragos apareceram por todos os lados: pontes\nca\u00eddas (Meluco e Mocimboa), arvores nas estradas, comunidades totalmente\nalagadas sem possibilidade de chegar nelas, rede el\u00e9trica danificada, mais de 3.300\ncasa totalmente destru\u00eddas e 500 mil pessoas atingidas diretas ou indiretamente.<\/p>\n\n\n\n<figure class=\"wp-block-image\"><img decoding=\"async\" loading=\"lazy\" width=\"720\" height=\"480\" src=\"https:\/\/www.alamis-odv.com\/wp-content\/uploads\/2019\/06\/IMG-20190430-WA0006.jpg\" alt=\"\" class=\"wp-image-4876\" srcset=\"https:\/\/www.alamis-odv.com\/wp-content\/uploads\/2019\/06\/IMG-20190430-WA0006.jpg 720w, https:\/\/www.alamis-odv.com\/wp-content\/uploads\/2019\/06\/IMG-20190430-WA0006-570x380.jpg 570w\" sizes=\"(max-width: 720px) 100vw, 720px\" \/><\/figure>\n\n\n\n<figure class=\"wp-block-image\"><img decoding=\"async\" loading=\"lazy\" width=\"720\" height=\"480\" src=\"https:\/\/www.alamis-odv.com\/wp-content\/uploads\/2019\/06\/IMG-20190430-WA0005.jpg\" alt=\"\" class=\"wp-image-4871\" srcset=\"https:\/\/www.alamis-odv.com\/wp-content\/uploads\/2019\/06\/IMG-20190430-WA0005.jpg 720w, https:\/\/www.alamis-odv.com\/wp-content\/uploads\/2019\/06\/IMG-20190430-WA0005-570x380.jpg 570w\" sizes=\"(max-width: 720px) 100vw, 720px\" \/><\/figure>\n\n\n\n<p>O pior do ciclone n\u00e3o foi o vento, t\u00e3o ou\nmais arrasador que o vento foi a chuva que continuou caindo pesadamente por\nv\u00e1rios dias e trazendo luto. Pemba ficou em baixo da \u00e1gua, muitos bairros\natingidos, seis pessoas morreram soterradas quando parte da lixeira municipal\ndesabou, uma Senhora foi morta pela queda de um coqueiro que a atingiu ao sair\nde sua casa. Mas a soma dos mortos \u00e9 de 38. Isso gra\u00e7as ao trabalho das equipes\ndas Igrejas locais, Mission\u00e1rios e Governo que agiram rapidamente na retirada da\npopula\u00e7\u00e3o das \u00e1reas de risco e como j\u00e1 t\u00ednhamos o exemplo da Beira, as pessoas\nn\u00e3o resistiram muito em sair. Uma das Igrejas de Pemba acolheu mais de 900\npessoas, outras Igrejas, escolas tudo lotado. Sem contar a dor de ver tudo o\nque haviam colhido nas machambas=lavoura, o milho, as abobora que j\u00e1 estavam em\ncasa, o arroz que est\u00e1 a cachear, o sustento da fam\u00edlia para o ano todo ser levado\npela \u00e1gua, apodrecer, brotar&#8230; e, pensar que aqui nesta Prov\u00edncia, a colheita\nest\u00e1 acabando, agora vem a seca e s\u00f3 no pr\u00f3ximo ano. Podemos esperar o aumento\nda fome, da desnutri\u00e7\u00e3o, de mais doen\u00e7as, que j\u00e1 come\u00e7am a aparecer como a\nc\u00f3lera que est\u00e1 se alastrando. \u00c9 muita Dor! <\/p>\n\n\n\n<p>Aos poucos o sol come\u00e7a a brilhar, a \u00e1gua\nvai baixando, as roupas v\u00e3o secando, alguns come\u00e7am a voltar para suas casas\nque foram alagadas, mas n\u00e3o ca\u00edram, outros aguardam ainda nos alojamentos\nimprovisados, pois n\u00e3o tem mais para onde voltar devido a perda total de sua\ncasa. <strong>A Esperan\u00e7a<\/strong> agora esta na\ncaridade solid\u00e1ria e ajuda que chega das diversas partes do planeta. Em Pemba\nest\u00e1 acontecendo um trabalho em parceria com diversas entidades no combate a\nepidemia de c\u00f3lera, casa por casa, bairro a bairro levando frascos de Certeza\npara purificar a \u00e1gua que ficou toda contaminada (pois aqui, mesmo na capital,\nmuitas fam\u00edlias usam latrinas em prec\u00e1rias condi\u00e7\u00f5es e com a enxurrada\ntransbordou). A segunda etapa nesse combate ser\u00e1 a vacina\u00e7\u00e3o que j\u00e1 est\u00e1\nchegando. Faz-se tamb\u00e9m preven\u00e7\u00e3o da mal\u00e1ria devido a prolifera\u00e7\u00e3o dos\nmosquitos, nesse processo todo h\u00e1 tamb\u00e9m o engajamento das Irm\u00e3s Filhas do\nSagrado Cora\u00e7\u00e3o de Jesus.<\/p>\n\n\n\n<p>A reconstru\u00e7\u00e3o pode ser lenta, mas aos\npoucos vai chegando nos diversos Distritos: seja na restaura\u00e7\u00e3o das casas, na\ndoa\u00e7\u00e3o de material escolar para repor os que foram levados pela \u00e1gua ou na\naquisi\u00e7\u00e3o de g\u00eaneros aliment\u00edcios, cuja colheita se perdeu.<\/p>\n\n\n\n<p><strong>Esperan\u00e7a<\/strong> de que juntamente com os bens materiais\npossamos reconstruir as for\u00e7as, o \u00e2nimo, a energia, a dignidade e a f\u00e9 dessas pessoas,\nalguns dos quais perderam a vida tentando salvar o pouco \u2013 tudo o que tinham. E\npara n\u00f3s Filhas do Sagrado Cora\u00e7\u00e3o de Jesus, o desfio \u00e9 duplo, pois al\u00e9m do\nengajamento no trabalho dessa reconstru\u00e7\u00e3o aqui em Pemba, os dois distritos\nmais atingidos: Ibo e Macomia juntamente com Quissanga pertencem a Regi\u00e3o\nPastoral de Meluco, onde est\u00e1 sendo constru\u00edda nossa resid\u00eancia e tamb\u00e9m j\u00e1 \u00e9\nnosso local de Miss\u00e3o. Contamos, por\u00e9m, com a for\u00e7a do Sagrado Cora\u00e7\u00e3o e a\ncerteza que n\u00e3o faltar\u00e3o m\u00e3os amigas e pessoas solid\u00e1rias com essa luta. <\/p>\n\n\n\n<p>Ir. Teresa Squiavenato<\/p>\n\n\n\n<p>P\/ Comunidade de Pemba\/Meluco<\/p>\n","protected":false},"excerpt":{"rendered":"<p>Mo\u00e7ambique \u00e9 um Pa\u00eds que se localiza ao sudeste do Continente Africano. \u00c9 formado por 11 Prov\u00edncias e dentre elas, Cabo Delgado, localizada no extremo nordeste do Pa\u00eds cuja capital provincial \u00e9 Pemba. Sua localiza\u00e7\u00e3o geogr\u00e1fica e seu solo trazem consigo imensa possibilidade de descoberta, liberdade e vida. Possui mar com g\u00e1s, reservas de rubi [&hellip;]<\/p>\n","protected":false},"author":2,"featured_media":4889,"comment_status":"closed","ping_status":"closed","sticky":false,"template":"","format":"standard","meta":{"_monsterinsights_skip_tracking":false,"_monsterinsights_sitenote_active":false,"_monsterinsights_sitenote_note":"","_monsterinsights_sitenote_category":0,"footnotes":""},"categories":[111],"tags":[631,632,633],"_links":{"self":[{"href":"https:\/\/www.alamis-odv.com\/pt-br\/wp-json\/wp\/v2\/posts\/4899"}],"collection":[{"href":"https:\/\/www.alamis-odv.com\/pt-br\/wp-json\/wp\/v2\/posts"}],"about":[{"href":"https:\/\/www.alamis-odv.com\/pt-br\/wp-json\/wp\/v2\/types\/post"}],"author":[{"embeddable":true,"href":"https:\/\/www.alamis-odv.com\/pt-br\/wp-json\/wp\/v2\/users\/2"}],"replies":[{"embeddable":true,"href":"https:\/\/www.alamis-odv.com\/pt-br\/wp-json\/wp\/v2\/comments?post=4899"}],"version-history":[{"count":1,"href":"https:\/\/www.alamis-odv.com\/pt-br\/wp-json\/wp\/v2\/posts\/4899\/revisions"}],"predecessor-version":[{"id":4900,"href":"https:\/\/www.alamis-odv.com\/pt-br\/wp-json\/wp\/v2\/posts\/4899\/revisions\/4900"}],"wp:featuredmedia":[{"embeddable":true,"href":"https:\/\/www.alamis-odv.com\/pt-br\/wp-json\/wp\/v2\/media\/4889"}],"wp:attachment":[{"href":"https:\/\/www.alamis-odv.com\/pt-br\/wp-json\/wp\/v2\/media?parent=4899"}],"wp:term":[{"taxonomy":"category","embeddable":true,"href":"https:\/\/www.alamis-odv.com\/pt-br\/wp-json\/wp\/v2\/categories?post=4899"},{"taxonomy":"post_tag","embeddable":true,"href":"https:\/\/www.alamis-odv.com\/pt-br\/wp-json\/wp\/v2\/tags?post=4899"}],"curies":[{"name":"wp","href":"https:\/\/api.w.org\/{rel}","templated":true}]}}