{"id":5701,"date":"2020-05-04T15:33:02","date_gmt":"2020-05-04T15:33:02","guid":{"rendered":"https:\/\/www.alamis-onlus.com\/?p=5701"},"modified":"2020-05-04T15:33:02","modified_gmt":"2020-05-04T15:33:02","slug":"pour-continuer-notre-rencontre","status":"publish","type":"post","link":"https:\/\/www.alamis-odv.com\/fr\/pour-continuer-notre-rencontre\/","title":{"rendered":"Pour continuer notre rencontre\u2026."},"content":{"rendered":"<p style=\"text-align: center;\"><strong>\u00a0\u00a0\u00a0\u00a0\u00a0\u00a0\u00a0\u00a0\u00a0\u00a0\u00a0\u00a0 <\/strong>\u00a0\u00a0\u00a0\u00a0\u00a0\u00a0\u00a0\u00a0\u00a0\u00a0\u00a0\u00a0<strong>\u00a0VISITE DE LA MERE GENERALE 29 JANVIER\u202627\/02<\/strong><\/p>\n<p><img decoding=\"async\" loading=\"lazy\" src=\"https:\/\/www.alamis-odv.com\/wp-content\/uploads\/2020\/05\/IMG_20200131_102601-FILEminimizer-200x200.jpg\" alt=\"\" width=\"309\" height=\"309\" class=\" wp-image-5663 aligncenter\" \/><img decoding=\"async\" loading=\"lazy\" src=\"https:\/\/www.alamis-odv.com\/wp-content\/uploads\/2020\/05\/IMG_20200202_162807-FILEminimizer-200x200.jpg\" alt=\"\" width=\"309\" height=\"309\" class=\" wp-image-5668 aligncenter\" \/><\/p>\n<p>Heureuse inattendue nouvelle celle de la visite de la M\u00e8re G\u00e9n\u00e9rale aux\u00a0 communaut\u00e9s d\u2019Afrique dans cette p\u00e9riode de pr\u00e9paration au Chapitre G\u00e9n\u00e9ral. Nous voulons la remercier toutes ensemble pour ce temps qu\u2019elle a voulu d\u00e9dier \u00e0 notre viceprovince.<\/p>\n<p>Nous avons lu ce moment de gr\u00e2ce comme la recherche du jusqu\u2019\u00e0 \u2026..que nous fscj de la vice province puissions comprendre la vocation et la mission que le Seigneur confie \u00e0 chaque fille du Sacr\u00e9 C\u0153ur. La composition des communaut\u00e9s \u00e0 cause de l\u2019\u00e2ge des s\u0153urs et d\u2019autres raisons est en train de changer m\u00eame s\u2019il serait souhaitable que la Congr\u00e9gation puisse \u00eatre toujours pr\u00e9sente comme internationale et la rel\u00e8ve doit \u00eatre assum\u00e9e avec conscience profonde d\u2019\u00eatre toujours, chacune de nous, et n\u2019importe o\u00f9 fille du Sacr\u00e9 C\u0153ur. Heureuse inattendue nouvelle celle de la visite de la M\u00e8re G\u00e9n\u00e9rale aux communaut\u00e9s de la Vice province.<\/p>\n<p>Nous voulons La remercier toutes ensemble \u00a0pour le temps qu\u2019elle nous a d\u00e9di\u00e9 et la patience de supporter la chaleur et tous les impr\u00e9vus rencontr\u00e9s.\u00a0 Nous voulons l\u2019assurer de notre pri\u00e8re et de notre volont\u00e9 de changer les aspects moins lumineux de notre identit\u00e9 de filles pour \u00eatre la joie du Seigneur et de nos Sup\u00e9rieurs qui peuvent compter sur notre bonne volont\u00e9 et sur notre d\u00e9sir d\u2019\u00eatre toujours davantage de vraies filles du Sacr\u00e9 C\u0153ur de J\u00e9sus<strong>. <\/strong><\/p>\n<p><strong>Nous avons parl\u00e9 de Jubil\u00e9\u2026\u2026.<\/strong><\/p>\n<p>JUBILE de la MISSION en Afrique\u00a0:<\/p>\n<p>Jubil\u00e9\u00a0: Les fscj iront un jour en Am\u00e9rique, en Afrique, en Asie, en Allemagne\u2026..Cette proph\u00e9tie du Fondateur s\u2019est av\u00e9r\u00e9e il y a 50 ans pour l\u2019Afrique, pour le Centrafrique en particulier. Nos premi\u00e8res s\u0153urs missionnaires invit\u00e9es par le Seigneur pour cette nouvelle vocation dans la vocation sont parties d\u2019Italie \u00a0et du Br\u00e9sil pour la Centrafrique et apr\u00e8s, selon les indications du Seigneur, au Cameroun, en Cote d\u2019ivoire et au Congo D\u00e9mocratique. La Mission demande d\u2019\u00e2mes vaillantes pr\u00eates \u00e0 tout\u00a0et capables de donner la vie, si n\u00e9cessaire. Les motivations aujourd\u2019hui pour la mission ne sont plus celles du temps pass\u00e9. Mais si les motivations ont chang\u00e9, l\u2019appel au service de l\u2019Evangile au c\u0153ur de l\u2019Afrique reste le m\u00eame. Avec J\u00e9sus, fid\u00e8les \u00e0 la mission de semer Paroles de vie. Dans cette mission il y a tant de vie de nos s\u0153urs fscj g\u00e9n\u00e9reusement donn\u00e9es dans un t\u00e9moignage \u00e9vang\u00e9lique sinc\u00e8re, tant de services gratuits et exigeants qui ont marqu\u00e9s la sant\u00e9 de nos s\u0153urs \u2026.tant de consolations, de vie apport\u00e9es \u00e0 de personnes que finalement se sont reconnues dans leur dignit\u00e9. Ce sont ces visages, tous ces beaux souvenirs qui restent au c\u0153ur de nos missionnaires et que nous voulons joyeusement c\u00e9l\u00e9brer dans ce jubil\u00e9.<\/p>\n<p><img decoding=\"async\" loading=\"lazy\" src=\"https:\/\/www.alamis-odv.com\/wp-content\/uploads\/2020\/05\/IMG_20200218_073245-FILEminimizer-200x200.jpg\" alt=\"\" width=\"286\" height=\"286\" class=\" wp-image-5683 aligncenter\" \/><img decoding=\"async\" loading=\"lazy\" src=\"https:\/\/www.alamis-odv.com\/wp-content\/uploads\/2020\/05\/IMG_20200131_065619-FILEminimizer-200x200.jpg\" alt=\"\" width=\"290\" height=\"290\" class=\" wp-image-5678 aligncenter\" \/><\/p>\n<p>De joyeuses surprises de temps en temps\u2026. Quelque chr\u00e9tien rencontr\u00e9 par hasard apr\u00e8s des ann\u00e9es nous appelle\u2026.il nous reconnait apr\u00e8s de nombreuses ann\u00e9es d\u2019absence. Il nous prend \u00e0 part et il nous fait voir quelque photos d\u2019autrefois, jalousement conserv\u00e9e qui rappelle notre pr\u00e9sence au village, le bapt\u00eame comme le jour plus beau de la vie\u2026.habill\u00e9 en blanc\u2026.Cela nous marque beaucoup. Nous ne sommes que des ouvriers au service du Maitre qui, lui, connait le moment de toucher le c\u0153ur de ses enfants. Ce que nous avons sem\u00e9 en Afrique et ailleurs ne nous appartient pas. Nous avons fait du bon travail, \u00e9crit une belle page de l\u2019histoire africaine, nous avons port\u00e9 l\u2019Evangile au c\u0153ur de l\u2019Afrique, nous avons accompagn\u00e9 la croissance de communaut\u00e9s chr\u00e9tiennes. Nous avons collabor\u00e9 avec les croyants d\u2019une autre foi dans le respect et parfois dans l\u2019admiration, nous avons enseign\u00e9, form\u00e9, aid\u00e9 beaucoup de jeunes, gar\u00e7ons et filles \u00e0 devenir des adultes responsables et engag\u00e9s, nous avons soign\u00e9, gu\u00e9ri beaucoup de gens et aussi accompagn\u00e9 jusqu\u2019\u00e0 la tombe nos fr\u00e8res et s\u0153urs qui n\u2019ont pas eu la force de survivre \u00e0 la maladie. L\u2019aventure missionnaire n\u2019est pas finie. Porteuses d\u2019esp\u00e9rance nous voulons \u00eatre aupr\u00e8s de ceux et celles qui souffrent aujourd\u2019hui la violence sous toutes ses formes. Notre charisme n\u2019est pas \u00e9teint. Il st encore sollicit\u00e9 et entendu. Nous voulons regarder l\u2019avenir avec esp\u00e9rance et confiance et nous engager assumant une attitude proph\u00e9tique. Nous voulons t\u00e9moigner \u00e0 la p\u00e9riph\u00e9rie du monde \u00e0 travers la composition de nos communaut\u00e9s qu\u2019il est possible, qu\u2019il est bon, qu\u2019il est gratifiant, \u00e9vang\u00e9lique de vivre ensemble en\u00a0Enfants de Dieu, venant d\u2019horizons, de culture, de races diff\u00e9rentes. Ouvertes et vivant la diff\u00e9rence, nous voulons dire au monde que le futur de la Vie Religieuse et de l\u2019Eglise se trouve dans l\u2019accueil, le respect et dans l\u2019appr\u00e9ciation positive de nos diff\u00e9rences. C\u2019est cela \u00eatre missionnaires aujourd\u2019hui.<\/p>\n<p>Etre t\u00e9moins d\u2019une fraternit\u00e9 sans fronti\u00e8res\u2026.Le travail est immense encore et le monde a besoin de missionnaires pour t\u00e9moigner devant tous ceux qui doutent que l\u2019Evangile de J\u00e9sus Christ ne connait aucune fronti\u00e8re. De par tout dans le monde on attend\u00a0 de nous le t\u00e9moignage de notre vie, de l\u2019amour de Dieu et s\u2019il le faut, jusqu\u2019au martyr.<\/p>\n<p><img decoding=\"async\" loading=\"lazy\" src=\"https:\/\/www.alamis-odv.com\/wp-content\/uploads\/2020\/05\/IMG_20200215_104120-FILEminimizer-200x200.jpg\" alt=\"\" width=\"341\" height=\"341\" class=\" wp-image-5688 aligncenter\" \/><\/p>\n<p>C\u2019est le programme de vie pour tous et toutes celles qui entendent l\u2019appel du Seigneur \u00e0 lui abandonner leur vie pour la mettre au service de l\u2019Evangile et de l\u2019Afrique.<\/p>\n<p>Rien de ce qui a \u00e9t\u00e9 r\u00e9alis\u00e9 n\u2019aurait \u00e9t\u00e9 possible sans l\u2019aide de nos familles, Religieuse et d\u2019origine, de nos amis, de nos nombreux bienfaiteurs, ardents collaborateurs des missionnaires, vrais missionnaires eux-m\u00eames. Ils, elles ont droit \u00e0 toute notre reconnaissance\u2026\u2026<\/p>\n<p>&nbsp;<\/p>\n<p>Sr Mariangela PIAZZA\u00a0 fscj missionnaire en Afrique depuis 50 ans.<\/p>\n<p>&nbsp;<\/p>\n","protected":false},"excerpt":{"rendered":"<p>\u00a0\u00a0\u00a0\u00a0\u00a0\u00a0\u00a0\u00a0\u00a0\u00a0\u00a0\u00a0 \u00a0\u00a0\u00a0\u00a0\u00a0\u00a0\u00a0\u00a0\u00a0\u00a0\u00a0\u00a0\u00a0VISITE DE LA MERE GENERALE 29 JANVIER\u202627\/02 Heureuse inattendue nouvelle celle de la visite de la M\u00e8re G\u00e9n\u00e9rale aux\u00a0 communaut\u00e9s d\u2019Afrique dans cette p\u00e9riode de pr\u00e9paration au Chapitre G\u00e9n\u00e9ral. Nous voulons la remercier toutes ensemble pour ce temps qu\u2019elle a voulu d\u00e9dier \u00e0 notre viceprovince. Nous avons lu ce moment de gr\u00e2ce comme la [&hellip;]<\/p>\n","protected":false},"author":2,"featured_media":5663,"comment_status":"closed","ping_status":"closed","sticky":false,"template":"","format":"standard","meta":{"_monsterinsights_skip_tracking":false,"_monsterinsights_sitenote_active":false,"_monsterinsights_sitenote_note":"","_monsterinsights_sitenote_category":0,"footnotes":""},"categories":[191],"tags":[725,726,733,736,734,735,737],"_links":{"self":[{"href":"https:\/\/www.alamis-odv.com\/fr\/wp-json\/wp\/v2\/posts\/5701"}],"collection":[{"href":"https:\/\/www.alamis-odv.com\/fr\/wp-json\/wp\/v2\/posts"}],"about":[{"href":"https:\/\/www.alamis-odv.com\/fr\/wp-json\/wp\/v2\/types\/post"}],"author":[{"embeddable":true,"href":"https:\/\/www.alamis-odv.com\/fr\/wp-json\/wp\/v2\/users\/2"}],"replies":[{"embeddable":true,"href":"https:\/\/www.alamis-odv.com\/fr\/wp-json\/wp\/v2\/comments?post=5701"}],"version-history":[{"count":1,"href":"https:\/\/www.alamis-odv.com\/fr\/wp-json\/wp\/v2\/posts\/5701\/revisions"}],"predecessor-version":[{"id":5702,"href":"https:\/\/www.alamis-odv.com\/fr\/wp-json\/wp\/v2\/posts\/5701\/revisions\/5702"}],"wp:featuredmedia":[{"embeddable":true,"href":"https:\/\/www.alamis-odv.com\/fr\/wp-json\/wp\/v2\/media\/5663"}],"wp:attachment":[{"href":"https:\/\/www.alamis-odv.com\/fr\/wp-json\/wp\/v2\/media?parent=5701"}],"wp:term":[{"taxonomy":"category","embeddable":true,"href":"https:\/\/www.alamis-odv.com\/fr\/wp-json\/wp\/v2\/categories?post=5701"},{"taxonomy":"post_tag","embeddable":true,"href":"https:\/\/www.alamis-odv.com\/fr\/wp-json\/wp\/v2\/tags?post=5701"}],"curies":[{"name":"wp","href":"https:\/\/api.w.org\/{rel}","templated":true}]}}