{"id":5697,"date":"2020-05-04T15:09:26","date_gmt":"2020-05-04T15:09:26","guid":{"rendered":"https:\/\/www.alamis-onlus.com\/per-continuare-il-nostro-incontro\/"},"modified":"2020-05-04T15:09:26","modified_gmt":"2020-05-04T15:09:26","slug":"per-continuare-il-nostro-incontro","status":"publish","type":"post","link":"https:\/\/www.alamis-odv.com\/fr\/per-continuare-il-nostro-incontro\/","title":{"rendered":"Per continuare il nostro incontro\u2026."},"content":{"rendered":"<p style=\"text-align: center;\"><em><strong>29 gennaio-27 febbraio 2020: Visita della Madre Generale in Africa<\/strong><\/em><\/p>\n<p style=\"text-align: center;\"><img decoding=\"async\" loading=\"lazy\" src=\"https:\/\/www.alamis-odv.com\/wp-content\/uploads\/2020\/05\/IMG_20200131_102601-FILEminimizer-200x200.jpg\" alt=\"\" width=\"203\" height=\"203\" class=\"alignnone wp-image-5661\" srcset=\"https:\/\/www.alamis-odv.com\/wp-content\/uploads\/2020\/05\/IMG_20200131_102601-FILEminimizer-200x200.jpg 200w, https:\/\/www.alamis-odv.com\/wp-content\/uploads\/2020\/05\/IMG_20200131_102601-FILEminimizer-100x100.jpg 100w\" sizes=\"(max-width: 203px) 100vw, 203px\" \/> <img decoding=\"async\" loading=\"lazy\" src=\"https:\/\/www.alamis-odv.com\/wp-content\/uploads\/2020\/05\/IMG_20200202_162807-FILEminimizer-1-200x200.jpg\" alt=\"\" width=\"200\" height=\"200\" class=\"alignnone size-thumbnail wp-image-5671\" srcset=\"https:\/\/www.alamis-odv.com\/wp-content\/uploads\/2020\/05\/IMG_20200202_162807-FILEminimizer-1-200x200.jpg 200w, https:\/\/www.alamis-odv.com\/wp-content\/uploads\/2020\/05\/IMG_20200202_162807-FILEminimizer-1-100x100.jpg 100w\" sizes=\"(max-width: 200px) 100vw, 200px\" \/><\/p>\n<p>E\u2019 giunta inaspettata la notizia della visita della Madre Generale alle comunit\u00e0 dell\u2019Africa in questo periodo di preparazione al Capitolo Generale e ci ha colto di sorpresa. Ne siamo state felicissime e tutte insieme la ringraziamo per il tempo che ha voluto dedicare alla nostra Viceprovincia.<\/p>\n<p>Abbiamo percepito questo momento di grazia come un aiuto <em>affinch\u00e9 <\/em>noi, Figlie del S. Cuore di Ges\u00f9 della Viceprovincia, possiamo comprendere meglio la vocazione e la missione che il Signore affida a ogni Figlia del Suo Cuore.<\/p>\n<p>La composizione delle nostre comunit\u00e0 sta cambiando sia per l\u2019et\u00e0 delle sorelle che per altri motivi, ma siamo convinte che la Congregazione debba rimanere presente in Africa con comunit\u00e0 internazionali. Anche se il cambiamento in atto pu\u00f2 portare alcune trasformazioni nella composizione delle comunit\u00e0, siamo chiamate a vivere <em>ovunque, <\/em>e sempre in pienezza, la nostra identit\u00e0 di Figlie del sacro Cuore di Ges\u00f9. <span style=\"text-decoration: line-through;\"><\/span><\/p>\n<p>Ringraziamo la Madre per il tempo che ha dedicato a ciascuna di noi, per la pazienza richiesta, per aver dovuto sopportare la calura africana e tutti gli imprevisti che sono occorsi. Vogliamo assicurarle la nostra preghiera e la nostra volont\u00e0 di cambiamento per rendere pi\u00f9 luminosa la nostra identit\u00e0 di Figlie, per essere la gioia del Signore e dei nostri Superiori che possono contare sulla nostra buona volont\u00e0 e sul nostro desiderio di essere sempre pi\u00f9 delle vere Figlie del S. \u00a0Cuore di Ges\u00f9.<\/p>\n<p><img decoding=\"async\" loading=\"lazy\" src=\"https:\/\/www.alamis-odv.com\/wp-content\/uploads\/2020\/05\/IMG_20200131_065619-FILEminimizer-200x200.jpg\" alt=\"\" width=\"200\" height=\"200\" class=\"size-thumbnail wp-image-5676 aligncenter\" srcset=\"https:\/\/www.alamis-odv.com\/wp-content\/uploads\/2020\/05\/IMG_20200131_065619-FILEminimizer-200x200.jpg 200w, https:\/\/www.alamis-odv.com\/wp-content\/uploads\/2020\/05\/IMG_20200131_065619-FILEminimizer-100x100.jpg 100w\" sizes=\"(max-width: 200px) 100vw, 200px\" \/><img decoding=\"async\" loading=\"lazy\" src=\"https:\/\/www.alamis-odv.com\/wp-content\/uploads\/2020\/05\/IMG_20200218_073245-FILEminimizer-200x200.jpg\" alt=\"\" width=\"200\" height=\"200\" class=\"size-thumbnail wp-image-5681 aligncenter\" srcset=\"https:\/\/www.alamis-odv.com\/wp-content\/uploads\/2020\/05\/IMG_20200218_073245-FILEminimizer-200x200.jpg 200w, https:\/\/www.alamis-odv.com\/wp-content\/uploads\/2020\/05\/IMG_20200218_073245-FILEminimizer-100x100.jpg 100w\" sizes=\"(max-width: 200px) 100vw, 200px\" \/><\/p>\n<p>Durante la visita abbiamo parlato del GIUBILEO della Missione in Africa<\/p>\n<p><em>\u201cLe Figlie del S. Cuore andranno un giorno in America, in Africa, in Asia, in Germania\u2026\u201d<\/em><\/p>\n<p>La profezia del Fondatore si \u00e8 avverata 50 anni fa, quando le prime sorelle missionarie, chiamate dal Signore a questa nuova vocazione, partirono dall\u2019Italia e dal Brasile per il Centrafrica.<\/p>\n<p>In seguito, seguendo le Sue indicazioni, arrivarono in Cameroun, in Costa d\u2019Avorio e nel Congo Democratico.<\/p>\n<p>La realt\u00e0 della missione richiede persone decise e forti, disposte a tutto e capaci anche di dare la propria vita, se necessario. Anche se oggi le motivazioni sono diverse da quelle di un tempo, nella Missione del Centrafrica tante nostre sorelle hanno offerto e offrono con generosit\u00e0 la loro vita, testimoniano il Vangelo senza risparmiarsi, con impegno e fedelt\u00e0 totali, e a volte a scapito della loro salute. In cambio, per\u00f2, noi tutte riceviamo grandi soddisfazioni nel vedere, per esempio, tanti fratelli ricevere il riconoscimento della propria dignit\u00e0 di uomini liberi e di cittadini.<\/p>\n<p>Ogni tanto riceviamo delle gradite sorprese. Una volta, una persona incontrata per caso ci riconobbe anche se dopo molti anni di lontananza e ci chiam\u00f2. Ci prese da parte per mostrarci una fotografia gelosamente conservata, risalente a molto tempo addietro che testimoniava la nostra presenza nel suo villaggio. Nella foto era vestito di bianco per il Battesimo e ricordava come quel giorno fosse stato il pi\u00f9 bello della sua vita. Questo ci tocc\u00f2 nel profondo.<\/p>\n<p>I volti di quanti abbiamo avvicinato, il ricordo delle loro storie e del cammino faticoso percorso in cinquant\u2019anni, restano nel nostro cuore missionario ed \u00e8 questo che vogliamo ricordare nel Giubileo della Missione in Africa.<\/p>\n<p>Noi siamo semplici operaie a servizio del Maestro: Lui conosce il momento di toccare il cuore dei suoi fratelli. Quello che abbiamo seminato, in Africa e altrove, non ci appartiene\u2026 Abbiamo fatto un buon lavoro, scritto una bella pagina di storia portando il Vangelo nel cuore dell\u2019Africa, accompagnando la crescita delle comunit\u00e0 cristiane. Abbiamo anche collaborato con i credenti di altra fede nel rispetto e talvolta nell\u2019ammirazione; abbiamo insegnato, formato, aiutato molti giovani, ragazzi e ragazze, a diventare adulti responsabili e impegnati, abbiamo curato, guarito molte persone e anche accompagnato alla tomba tanti fratelli e sorelle che non hanno avuto la forza di vincere la malattia.<\/p>\n<p>L\u2019avventura missionaria non \u00e8 finita. Portatrici di speranza, noi vogliamo essere vicino a coloro che ancora soffrono per le violenze e le povert\u00e0 sotto ogni forma. Il nostro carisma non \u00e8 spento: \u00e8 ancora sollecitato e capito.\u00a0 Vogliamo guardare all\u2019avvenire con speranza e fiducia, impegnandoci e assumendo un atteggiamento profetico. Vogliamo testimoniare alla periferia del mondo, attraverso la composizione delle nostre comunit\u00e0, che \u00e8 possibile, che \u00e8 buono, che \u00e8 gratificante ed evangelico vivere insieme come figlie di Dio che arrivano da orizzonti, culture e razze diverse. Aperte all\u2019altro e vivendo la diversit\u00e0 tra noi, vogliamo dire al mondo che il futuro della vita religiosa e della Chiesa si trova nell\u2019accoglienza, nel rispetto e nell\u2019apprezzamento l\u2019uno dell\u2019altro.<\/p>\n<p><em>E\u2019 questo essere missionarie oggi, essere testimoni di una fraternit\u00e0 senza frontiere<\/em>\u2026.<\/p>\n<p><img decoding=\"async\" loading=\"lazy\" src=\"https:\/\/www.alamis-odv.com\/wp-content\/uploads\/2020\/05\/IMG_20200215_104120-FILEminimizer-200x200.jpg\" alt=\"\" width=\"200\" height=\"200\" class=\"size-thumbnail wp-image-5686 aligncenter\" srcset=\"https:\/\/www.alamis-odv.com\/wp-content\/uploads\/2020\/05\/IMG_20200215_104120-FILEminimizer-200x200.jpg 200w, https:\/\/www.alamis-odv.com\/wp-content\/uploads\/2020\/05\/IMG_20200215_104120-FILEminimizer-100x100.jpg 100w\" sizes=\"(max-width: 200px) 100vw, 200px\" \/><\/p>\n<p>Il lavoro \u00e8 ancora immenso e il mondo ha bisogno di missionari per testimoniare, davanti a coloro che dubitano, che il Vangelo di Ges\u00f9 Cristo non conosce nessuna frontiera. In ogni luogo di questo mondo, aspettano da noi l\u2019esempio della nostra vita, dell\u2019amore di Dio, disposte, se necessario, anche al sacrificio totale.<\/p>\n<p>E\u2019 il programma per tutti coloro che sentono la chiamata del Signore a mettersi a servizio del Vangelo e dell\u2019Africa.<\/p>\n<p>Niente di quello che \u00e8 stato realizzato sarebbe stato possibile senza l\u2019aiuto delle nostre famiglie, la famiglia religiosa e quella di origine, dei nostri amici, dei numerosi benefattori, ardenti collaboratori dei missionari e veri missionari loro stessi. Essi, Esse hanno diritto a tutta la nostra riconoscenza\u2026.<\/p>\n<p>&nbsp;<\/p>\n<p>Suor Mariangela Piazza fscj<\/p>\n<p>&nbsp;<\/p>\n","protected":false},"excerpt":{"rendered":"<p>29 gennaio-27 febbraio 2020: Visita della Madre Generale in Africa E\u2019 giunta inaspettata la notizia della visita della Madre Generale alle comunit\u00e0 dell\u2019Africa in questo periodo di preparazione al Capitolo Generale e ci ha colto di sorpresa. Ne siamo state felicissime e tutte insieme la ringraziamo per il tempo che ha voluto dedicare alla nostra [&hellip;]<\/p>\n","protected":false},"author":2,"featured_media":5663,"comment_status":"closed","ping_status":"closed","sticky":false,"template":"","format":"standard","meta":{"_monsterinsights_skip_tracking":false,"_monsterinsights_sitenote_active":false,"_monsterinsights_sitenote_note":"","_monsterinsights_sitenote_category":0,"footnotes":""},"categories":[191],"tags":[725,726,727,728],"_links":{"self":[{"href":"https:\/\/www.alamis-odv.com\/fr\/wp-json\/wp\/v2\/posts\/5697"}],"collection":[{"href":"https:\/\/www.alamis-odv.com\/fr\/wp-json\/wp\/v2\/posts"}],"about":[{"href":"https:\/\/www.alamis-odv.com\/fr\/wp-json\/wp\/v2\/types\/post"}],"author":[{"embeddable":true,"href":"https:\/\/www.alamis-odv.com\/fr\/wp-json\/wp\/v2\/users\/2"}],"replies":[{"embeddable":true,"href":"https:\/\/www.alamis-odv.com\/fr\/wp-json\/wp\/v2\/comments?post=5697"}],"version-history":[{"count":0,"href":"https:\/\/www.alamis-odv.com\/fr\/wp-json\/wp\/v2\/posts\/5697\/revisions"}],"wp:featuredmedia":[{"embeddable":true,"href":"https:\/\/www.alamis-odv.com\/fr\/wp-json\/wp\/v2\/media\/5663"}],"wp:attachment":[{"href":"https:\/\/www.alamis-odv.com\/fr\/wp-json\/wp\/v2\/media?parent=5697"}],"wp:term":[{"taxonomy":"category","embeddable":true,"href":"https:\/\/www.alamis-odv.com\/fr\/wp-json\/wp\/v2\/categories?post=5697"},{"taxonomy":"post_tag","embeddable":true,"href":"https:\/\/www.alamis-odv.com\/fr\/wp-json\/wp\/v2\/tags?post=5697"}],"curies":[{"name":"wp","href":"https:\/\/api.w.org\/{rel}","templated":true}]}}