{"id":4172,"date":"2018-10-29T09:57:13","date_gmt":"2018-10-29T09:57:13","guid":{"rendered":"http:\/\/www.alamis-onlus.com\/?p=4172"},"modified":"2018-10-29T10:06:00","modified_gmt":"2018-10-29T10:06:00","slug":"la-mission-des-fscj-au-congo-kinshasa","status":"publish","type":"post","link":"https:\/\/www.alamis-odv.com\/fr\/la-mission-des-fscj-au-congo-kinshasa\/","title":{"rendered":"La Mission des FSCJ au Congo Kinshasa"},"content":{"rendered":"<p><span>\u00a0\u00a0\u00a0\u00a0 Chers fr\u00e8res et s\u0153urs<\/span><\/p>\n<p><span>\u00a0\u00a0\u00a0\u00a0 Toujours plonger dans la perspective d\u2019inculturation, d\u2019interculturalit\u00e9, d\u2019internationalit\u00e9 et br\u00fblons de cette joie d\u2019affronter ces d\u00e9fis en se laissant transformer par le Christ pour \u00eatre des t\u00e9moins cr\u00e9dibles de notre cons\u00e9cration dans cette r\u00e9alit\u00e9 o\u00f9 le c\u0153ur de J\u00e9sus bat continuellement dans le visage des d\u00e9munies, des marginaliser, des mis\u00e9reux, des pauvres etc, et o\u00f9 notre pr\u00e9sence est la visibilit\u00e9 des sentiments de son c\u0153ur.\u00a0 Pousser par l\u2019Esprit, nous ressentons un vif d\u00e9sir de vous faire parvenir les \u00e9chos de la nouvelle constitution de notre communaut\u00e9 et de ses activit\u00e9s en cours. En effet, vers la fin du mois de Juillet les nouveaux membres de la communaut\u00e9 de Kinshasa commen\u00e7aient \u00e0 regagner\u00a0 leur nouvelle destination pour la mission. Et pour \u00eatre plus pr\u00e9cise, la sr Be\u00efck est arriv\u00e9e le 21 Juillet et la sr Bernadette le 29 Juillet. Nous \u00e9tions tr\u00e8s bien accueillis par\u00a0 la sr Ana Maria et la s\u0153ur Eug\u00e9nie. Samedi 4 Ao\u00fbt nous avons fait notre premi\u00e8re rencontre communautaire en vue de clarifier notre projet d\u2019ensemble et voir comment le rendre plus possible et op\u00e9rationnel. Un trio \u00e0 l\u2019image de la sainte Trinit\u00e9 qui symbolise l\u2019unit\u00e9 dans la diversit\u00e9, Un Dieu en trois personnes ce qui vaut \u00e0 une communaut\u00e9 en trois s\u0153urs. Nous sommes contentes de nous retrouver ensemble et de vivre notre charisme, spiritualit\u00e9 et mission ensemble. Sur ce, voici la photo de la nouvelle \u00e9quipe de la communaut\u00e9 de Kinshasa.\u00a0<\/span><\/p>\n<p><img decoding=\"async\" loading=\"lazy\" src=\"http:\/\/www.alamis-odv.com\/wp-content\/uploads\/2018\/10\/1-200x200.jpg\" alt=\"\" width=\"200\" height=\"200\" class=\"alignnone size-thumbnail wp-image-4173\" srcset=\"https:\/\/www.alamis-odv.com\/wp-content\/uploads\/2018\/10\/1-200x200.jpg 200w, https:\/\/www.alamis-odv.com\/wp-content\/uploads\/2018\/10\/1-100x100.jpg 100w\" sizes=\"(max-width: 200px) 100vw, 200px\" \/><\/p>\n<p><span>Par ailleurs, nous le savons tous que notre mission premi\u00e8re est celle du t\u00e9moignage de notre cons\u00e9cration qui se traduit dans notre mani\u00e8re d\u2019\u00eatre, de vivre et de faire. Pour ce faire, chacune de nous essaie d\u2019y r\u00e9pondre en toute conscience, de tout son c\u0153ur et de toute sa force.\u00a0 Puisque notre apostolat est celui de la formation int\u00e9grale, humaine et spirituelle, l\u2019aspirantat est l\u2019expression de la dite formation. C\u2019est dans cette \u00e9tape primaire que toute graine pousse et fleurie, alors il est de notre devoir de bien la cultiver, de bien la soigner pour que petit \u00e0 petit celle-ci porte du fruit. Nous avons re\u00e7u 7 jeunes pour la session d\u2019int\u00e9gration dont 2 d\u2019entre elles ont d\u00e9j\u00e0 fait la prop\u00e9deutique et qui se pr\u00e9parent pour l\u2019\u00e9tape suivante, le postulat. Nous avons choisi pour th\u00e8me, \u00a0<\/span><strong><em>\u00ab\u00a0la vocation comme projet de vie dans la Bible, dans la vie consacr\u00e9e et dans la soci\u00e9t\u00e9\u00a0\u00bb. <\/em><\/strong><span>De ce grand th\u00e8me, chaque jour une s\u0153ur d\u00e9veloppe un sous th\u00e8me particulier aux jeunes. La sr Ana Maria sur l\u2019initiation \u00e0 la pri\u00e8re, la sr Bernadette sur le savoir vivre et l\u2019histoire de la congr\u00e9gation et la sr Be\u00efck sur la vocation dans l\u2019ancien et le nouveau testament. La vocation est une vie, et toute vie a une mission. Au del\u00e0 de ces th\u00e8mes d\u00e9velopp\u00e9s, nous avons \u00e9galement initi\u00e9 les filles \u00e0 des travaux manuels (le nettoyage de la maison, la pr\u00e9paration de la nourriture, le champ). \u00ab\u00a0 La moisson est abondante mais les ouvriers peu nombreux. Priez le ma\u00eetre de la moisson d\u2019envoyer des ouvrier dans sa moisson\u00a0\u00bb.\u00a0<\/span><\/p>\n<p><img decoding=\"async\" loading=\"lazy\" src=\"http:\/\/www.alamis-odv.com\/wp-content\/uploads\/2018\/10\/6-200x200.jpg\" alt=\"\" width=\"200\" height=\"200\" class=\"alignnone size-thumbnail wp-image-4178\" srcset=\"https:\/\/www.alamis-odv.com\/wp-content\/uploads\/2018\/10\/6-200x200.jpg 200w, https:\/\/www.alamis-odv.com\/wp-content\/uploads\/2018\/10\/6-570x570.jpg 570w, https:\/\/www.alamis-odv.com\/wp-content\/uploads\/2018\/10\/6-100x100.jpg 100w\" sizes=\"(max-width: 200px) 100vw, 200px\" \/><img decoding=\"async\" loading=\"lazy\" src=\"http:\/\/www.alamis-odv.com\/wp-content\/uploads\/2018\/10\/19-200x200.jpg\" alt=\"\" width=\"200\" height=\"200\" class=\"alignnone size-thumbnail wp-image-4183\" srcset=\"https:\/\/www.alamis-odv.com\/wp-content\/uploads\/2018\/10\/19-200x200.jpg 200w, https:\/\/www.alamis-odv.com\/wp-content\/uploads\/2018\/10\/19-100x100.jpg 100w\" sizes=\"(max-width: 200px) 100vw, 200px\" \/><img decoding=\"async\" loading=\"lazy\" src=\"http:\/\/www.alamis-odv.com\/wp-content\/uploads\/2018\/10\/5-200x200.jpg\" alt=\"\" width=\"200\" height=\"200\" class=\"alignnone size-thumbnail wp-image-4188\" srcset=\"https:\/\/www.alamis-odv.com\/wp-content\/uploads\/2018\/10\/5-200x200.jpg 200w, https:\/\/www.alamis-odv.com\/wp-content\/uploads\/2018\/10\/5-570x570.jpg 570w, https:\/\/www.alamis-odv.com\/wp-content\/uploads\/2018\/10\/5-100x100.jpg 100w\" sizes=\"(max-width: 200px) 100vw, 200px\" \/><\/p>\n<p><span>Apr\u00e8s la session avec les filles, le lundi 3 Septembre est la rentr\u00e9e scolaire effective dans la ville de Kinshasa. Il en va de m\u00eame pour notre \u00e9cole. Elle est spectaculaire cette rentr\u00e9e. Les enfants tous beaux dans leur nouvel uniforme, les petits qui d\u00e9butent la maternelle en pleurant, d\u2019autres contents de rentrer dans leur nouvelle salle de classe.\u00a0 Ils se bousculent, ils font du bruit, ils marchent, ils courent.\u00a0 Les enseignants les accueillent, les\u00a0 ma\u00eetrisent, les orientent. Tandis que les parents tr\u00e8s fiers de leurs enfants, les observent radieusement. Un Nouveau rythme commence au sein de l\u2019\u00e9cole. De l\u2019autre cot\u00e9, d\u2019autres parents qui se succ\u00e8dent au bureau soit pour payer les frais scolaires ou soit pour recevoir les uniformes de leurs enfants. <strong>Vive la rentr\u00e9e\u00a0!<\/strong> Le th\u00e8me national de cette ann\u00e9e \u00a0acad\u00e9mique 2018-2019 est : \u00ab\u00a0 <strong><em>Accro\u00eetre nos efforts pour la meilleure \u00e9ducation de nos enfants<\/em><\/strong>\u00a0\u00bb.<\/span><\/p>\n<p><img decoding=\"async\" loading=\"lazy\" src=\"http:\/\/www.alamis-odv.com\/wp-content\/uploads\/2018\/10\/8-200x200.jpg\" alt=\"\" width=\"200\" height=\"200\" class=\"alignnone size-thumbnail wp-image-4193\" srcset=\"https:\/\/www.alamis-odv.com\/wp-content\/uploads\/2018\/10\/8-200x200.jpg 200w, https:\/\/www.alamis-odv.com\/wp-content\/uploads\/2018\/10\/8-100x100.jpg 100w\" sizes=\"(max-width: 200px) 100vw, 200px\" \/><img decoding=\"async\" loading=\"lazy\" src=\"http:\/\/www.alamis-odv.com\/wp-content\/uploads\/2018\/10\/12-200x200.jpg\" alt=\"\" width=\"200\" height=\"200\" class=\"alignnone size-thumbnail wp-image-4198\" srcset=\"https:\/\/www.alamis-odv.com\/wp-content\/uploads\/2018\/10\/12-200x200.jpg 200w, https:\/\/www.alamis-odv.com\/wp-content\/uploads\/2018\/10\/12-100x100.jpg 100w\" sizes=\"(max-width: 200px) 100vw, 200px\" \/><img decoding=\"async\" loading=\"lazy\" src=\"http:\/\/www.alamis-odv.com\/wp-content\/uploads\/2018\/10\/10-200x200.jpg\" alt=\"\" width=\"200\" height=\"200\" class=\"alignnone size-thumbnail wp-image-4203\" srcset=\"https:\/\/www.alamis-odv.com\/wp-content\/uploads\/2018\/10\/10-200x200.jpg 200w, https:\/\/www.alamis-odv.com\/wp-content\/uploads\/2018\/10\/10-100x100.jpg 100w\" sizes=\"(max-width: 200px) 100vw, 200px\" \/><\/p>\n<p><span>Nous tenons du fond de notre c\u0153ur \u00e0 remercier tous ceux qui nous ont soutenus spirituellement, mat\u00e9riellement, physiquement, moralement et financi\u00e8rement. Merci au gouvernement g\u00e9n\u00e9ral (m\u00e8re g\u00e9n\u00e9rale et ses conseill\u00e8res) qui a bien voulu r\u00e9pondre positivement aux cries de ses enfants\u00a0 assoiff\u00e9s du d\u00e9sir d\u2019apprendre et qui nous a orient\u00e9. Merci \u00e0 tous nos bienfaiteurs qui ont cru en la mission des FSCJ au Congo et qui nous ont donn\u00e9 le fruit de leur g\u00e9n\u00e9rosit\u00e9 qui nous a permis d\u2019ajouter deux autres salles de classe et un petit bureau. Les deux salles sont r\u00e9serv\u00e9es pour les petits enfants de la maternelle. Merci \u00e0 ceux qui nous ont aid\u00e9s sur terrain \u00e0 r\u00e9aliser cette \u0153uvre. Enfin, nos vifs remerciements vont \u00e9galement \u00e0 l\u2019\u00e9gard de chaque fille du Sacr\u00e9 C\u0153ur de J\u00e9sus pour leur pri\u00e8re quotidienne et leur encouragement.<\/span><\/p>\n<p><img decoding=\"async\" loading=\"lazy\" src=\"http:\/\/www.alamis-odv.com\/wp-content\/uploads\/2018\/10\/15-200x200.jpg\" alt=\"\" width=\"200\" height=\"200\" class=\"alignnone size-thumbnail wp-image-4208\" srcset=\"https:\/\/www.alamis-odv.com\/wp-content\/uploads\/2018\/10\/15-200x200.jpg 200w, https:\/\/www.alamis-odv.com\/wp-content\/uploads\/2018\/10\/15-100x100.jpg 100w\" sizes=\"(max-width: 200px) 100vw, 200px\" \/><img decoding=\"async\" loading=\"lazy\" src=\"http:\/\/www.alamis-odv.com\/wp-content\/uploads\/2018\/10\/14-200x200.jpg\" alt=\"\" width=\"200\" height=\"200\" class=\"alignnone size-thumbnail wp-image-4213\" srcset=\"https:\/\/www.alamis-odv.com\/wp-content\/uploads\/2018\/10\/14-200x200.jpg 200w, https:\/\/www.alamis-odv.com\/wp-content\/uploads\/2018\/10\/14-100x100.jpg 100w\" sizes=\"(max-width: 200px) 100vw, 200px\" \/><\/p>\n<p><strong>VIVE LA MISSION DES FSCJ AU CONGO\u00a0!!!!<\/strong><strong><em>\u00a0 \u00a0Fait \u00e0 Kinshasa le 19\/ 09\/2018<\/em><\/strong><\/p>\n<p><strong><em>\u00a0\u00a0\u00a0\u00a0\u00a0\u00a0\u00a0\u00a0\u00a0\u00a0\u00a0\u00a0\u00a0\u00a0\u00a0\u00a0\u00a0\u00a0\u00a0\u00a0\u00a0\u00a0\u00a0\u00a0\u00a0\u00a0\u00a0\u00a0\u00a0\u00a0\u00a0\u00a0\u00a0\u00a0\u00a0\u00a0\u00a0\u00a0\u00a0\u00a0\u00a0\u00a0\u00a0\u00a0\u00a0\u00a0\u00a0\u00a0\u00a0\u00a0\u00a0\u00a0\u00a0\u00a0\u00a0\u00a0\u00a0\u00a0\u00a0\u00a0\u00a0\u00a0\u00a0\u00a0\u00a0\u00a0 Sr Ana Maria, Sr Bernadette, Sr Be\u00efck\u00a0 <\/em><\/strong><\/p>\n","protected":false},"excerpt":{"rendered":"<p>\u00a0\u00a0\u00a0\u00a0 Chers fr\u00e8res et s\u0153urs \u00a0\u00a0\u00a0\u00a0 Toujours plonger dans la perspective d\u2019inculturation, d\u2019interculturalit\u00e9, d\u2019internationalit\u00e9 et br\u00fblons de cette joie d\u2019affronter ces d\u00e9fis en se laissant transformer par le Christ pour \u00eatre des t\u00e9moins cr\u00e9dibles de notre cons\u00e9cration dans cette r\u00e9alit\u00e9 o\u00f9 le c\u0153ur de J\u00e9sus bat continuellement dans le visage des d\u00e9munies, des marginaliser, des [&hellip;]<\/p>\n","protected":false},"author":2,"featured_media":4273,"comment_status":"closed","ping_status":"closed","sticky":false,"template":"","format":"standard","meta":{"_monsterinsights_skip_tracking":false,"_monsterinsights_sitenote_active":false,"_monsterinsights_sitenote_note":"","_monsterinsights_sitenote_category":0,"footnotes":""},"categories":[185],"tags":[468,530,529,528],"_links":{"self":[{"href":"https:\/\/www.alamis-odv.com\/fr\/wp-json\/wp\/v2\/posts\/4172"}],"collection":[{"href":"https:\/\/www.alamis-odv.com\/fr\/wp-json\/wp\/v2\/posts"}],"about":[{"href":"https:\/\/www.alamis-odv.com\/fr\/wp-json\/wp\/v2\/types\/post"}],"author":[{"embeddable":true,"href":"https:\/\/www.alamis-odv.com\/fr\/wp-json\/wp\/v2\/users\/2"}],"replies":[{"embeddable":true,"href":"https:\/\/www.alamis-odv.com\/fr\/wp-json\/wp\/v2\/comments?post=4172"}],"version-history":[{"count":1,"href":"https:\/\/www.alamis-odv.com\/fr\/wp-json\/wp\/v2\/posts\/4172\/revisions"}],"predecessor-version":[{"id":4218,"href":"https:\/\/www.alamis-odv.com\/fr\/wp-json\/wp\/v2\/posts\/4172\/revisions\/4218"}],"wp:featuredmedia":[{"embeddable":true,"href":"https:\/\/www.alamis-odv.com\/fr\/wp-json\/wp\/v2\/media\/4273"}],"wp:attachment":[{"href":"https:\/\/www.alamis-odv.com\/fr\/wp-json\/wp\/v2\/media?parent=4172"}],"wp:term":[{"taxonomy":"category","embeddable":true,"href":"https:\/\/www.alamis-odv.com\/fr\/wp-json\/wp\/v2\/categories?post=4172"},{"taxonomy":"post_tag","embeddable":true,"href":"https:\/\/www.alamis-odv.com\/fr\/wp-json\/wp\/v2\/tags?post=4172"}],"curies":[{"name":"wp","href":"https:\/\/api.w.org\/{rel}","templated":true}]}}