{"id":3720,"date":"2018-07-03T14:27:42","date_gmt":"2018-07-03T14:27:42","guid":{"rendered":"http:\/\/www.alamis-onlus.com\/?p=3720"},"modified":"2018-07-03T14:35:55","modified_gmt":"2018-07-03T14:35:55","slug":"dieu-nous-invite-a-collaborer-avec-lui","status":"publish","type":"post","link":"https:\/\/www.alamis-odv.com\/fr\/dieu-nous-invite-a-collaborer-avec-lui\/","title":{"rendered":"Dieu, nous invite \u00e0 collaborer avec Lui"},"content":{"rendered":"<p>Cherche \u00e0 faire large une place \u00e0 l\u2019amour afin qu\u2019il s\u2019empare de toi\u00a0: pour lui faire une place renie-toi, toi-m\u00eame.\u00a0 Cette mani\u00e8re de faire doit \u00eatre sp\u00e9cifique des Filles du Sacr\u00e9 C\u0153ur. [14 juin 1838]<\/p>\n<p><img decoding=\"async\" loading=\"lazy\" src=\"http:\/\/www.alamis-odv.com\/wp-content\/uploads\/2018\/07\/SAM_2735-200x200.jpg\" alt=\"\" width=\"200\" height=\"200\" class=\"size-thumbnail wp-image-3721\" srcset=\"https:\/\/www.alamis-odv.com\/wp-content\/uploads\/2018\/07\/SAM_2735-200x200.jpg 200w, https:\/\/www.alamis-odv.com\/wp-content\/uploads\/2018\/07\/SAM_2735-570x570.jpg 570w, https:\/\/www.alamis-odv.com\/wp-content\/uploads\/2018\/07\/SAM_2735-100x100.jpg 100w, https:\/\/www.alamis-odv.com\/wp-content\/uploads\/2018\/07\/SAM_2735-1140x1140.jpg 1140w\" sizes=\"(max-width: 200px) 100vw, 200px\" \/><\/p>\n<p>La vie est un don de Dieu, les fscj sont choisies par J\u00e9sus pour aider leurs fr\u00e8res et s\u0153urs \u00e0 retrouver leurs dignit\u00e9s de Fils et Filles de Dieu, dans leurs apostolats, en prions pour eux, en leur donnant l\u2019\u00e9ducation ad\u00e9quate, en les visitant dans leurs familles, en leur donnant si possibles les moyens pour d\u00e9velopper une entreprise de source de revenue, afin d\u2019\u00e9chapper \u00e0 la mendicit\u00e9 et \u00e0 la paresse qui est un p\u00e9ch\u00e9 capital. Donner un sens \u00e0 la vie, o\u00f9 aider l\u2019autre \u00e0 valoriser son \u00eatre, \u00e0 travers son \u0153uvre et savoir-faire, est un souci que nous inculquons \u00e0 tous les enfants que nous c\u00f4toyons. Soit dans notre \u00e9cole, ou dans les diff\u00e9rents mouvements.<\/p>\n<p><img decoding=\"async\" loading=\"lazy\" src=\"http:\/\/www.alamis-odv.com\/wp-content\/uploads\/2018\/07\/SAM_2722-200x200.jpg\" alt=\"\" width=\"200\" height=\"200\" class=\"size-thumbnail wp-image-3726\" srcset=\"https:\/\/www.alamis-odv.com\/wp-content\/uploads\/2018\/07\/SAM_2722-200x200.jpg 200w, https:\/\/www.alamis-odv.com\/wp-content\/uploads\/2018\/07\/SAM_2722-570x570.jpg 570w, https:\/\/www.alamis-odv.com\/wp-content\/uploads\/2018\/07\/SAM_2722-100x100.jpg 100w, https:\/\/www.alamis-odv.com\/wp-content\/uploads\/2018\/07\/SAM_2722-1140x1140.jpg 1140w\" sizes=\"(max-width: 200px) 100vw, 200px\" \/><\/p>\n<p><img decoding=\"async\" loading=\"lazy\" src=\"http:\/\/www.alamis-odv.com\/wp-content\/uploads\/2018\/07\/SAM_2746-200x200.jpg\" alt=\"\" width=\"200\" height=\"200\" class=\"size-thumbnail wp-image-3731\" srcset=\"https:\/\/www.alamis-odv.com\/wp-content\/uploads\/2018\/07\/SAM_2746-200x200.jpg 200w, https:\/\/www.alamis-odv.com\/wp-content\/uploads\/2018\/07\/SAM_2746-570x570.jpg 570w, https:\/\/www.alamis-odv.com\/wp-content\/uploads\/2018\/07\/SAM_2746-100x100.jpg 100w, https:\/\/www.alamis-odv.com\/wp-content\/uploads\/2018\/07\/SAM_2746-1140x1140.jpg 1140w\" sizes=\"(max-width: 200px) 100vw, 200px\" \/><\/p>\n<p>Par exemples\u00a0: dans notre \u00e9cole \u00e0 Kinshasa (Ste Th\u00e9r\u00e8se VERZERI) commune p\u00e9riph\u00e9rique de la capitale les enfants viennent de loin \u00e0 pied o\u00f9 accompagn\u00e9 par leurs parents, fr\u00e8res o\u00f9 s\u0153urs 4 km le matin et 4 km \u00e0 midi pour le retour \u00e0 la maison du lundi \u00e0 vendredi. Chose impressionnante ces enfants d\u00e8s qu\u2019ils arrivent dans la cour de l\u2019\u00e9cole, ils oublient la distance parcourus pour arriver l\u00e0. \u00a0Ils sont contents parce que les enseignants vont d\u2019abord les anim\u00e9s avec des chants, des danses avant d\u2019entrer dans les salles de classes. Or de nos jours la jeunesse \u00e0 tendance \u00e0 chercher que le raccourci, mais la ville de Kinshasa est satur\u00e9e de population jusqu\u2019\u00e0 ce que les gens sont serr\u00e9s dans une parcelle commune en location comme des sardines ainsi la vie devient cher pour les pauvres.<\/p>\n<p><img decoding=\"async\" loading=\"lazy\" src=\"http:\/\/www.alamis-odv.com\/wp-content\/uploads\/2018\/07\/SAM_2755-200x200.jpg\" alt=\"\" width=\"200\" height=\"200\" class=\"size-thumbnail wp-image-3736\" srcset=\"https:\/\/www.alamis-odv.com\/wp-content\/uploads\/2018\/07\/SAM_2755-200x200.jpg 200w, https:\/\/www.alamis-odv.com\/wp-content\/uploads\/2018\/07\/SAM_2755-570x570.jpg 570w, https:\/\/www.alamis-odv.com\/wp-content\/uploads\/2018\/07\/SAM_2755-100x100.jpg 100w, https:\/\/www.alamis-odv.com\/wp-content\/uploads\/2018\/07\/SAM_2755-1140x1140.jpg 1140w\" sizes=\"(max-width: 200px) 100vw, 200px\" \/><\/p>\n<p>Et ce qui attire notre attention c\u2019est le don de la joie, qu\u2019on tu les croises sur la route ils t\u2019offrent un accueil joyeux, mais quand tu d\u00e9cides de l\u2019\u00e9couter ou de lui rendre visite en famille, l\u00e0 tu d\u00e9couvres un monde de mis\u00e8re.\u00a0\u00a0 Mais les pauvres sont les amis de Dieu. C\u2019est Lui qui veille sur eux.<\/p>\n<p>Divers\u00a0: le minist\u00e8re de l\u2019\u00e9ducation pr\u00e9voit chaque ann\u00e9e pour les \u00e9l\u00e8ves de maternelle et primaire, un jour d\u2019excursion th\u00e9\u00e2trale, pendant la semaine de l\u2019enseignement, nos enfants ont repr\u00e9sent\u00e9 l\u2019\u00e9cole Ste Th\u00e9r\u00e8se Verzeri, avec leurs pi\u00e8ces th\u00e9\u00e2tres ils \u00e9taient qualifi\u00e9s parmi les meilleurs \u00e9l\u00e8ves de Kinshasa. C\u2019est notre joie, et la gloire de Dieu. Mais avant cela tous les enseignants et la communaut\u00e9 des Fscj ont pass\u00e9 une journ\u00e9e de d\u00e9tente au cite des p\u00e8res de la communaut\u00e9 Amour et libert\u00e9.<\/p>\n<ul>\n<li>La f\u00eate du J\u00e9sus Ma\u00eetre, nous l\u2019avons pr\u00e9par\u00e9 avec la neuvaine, d\u2019o\u00f9 la M\u00e8re G\u00e9n\u00e9rale Beatrice Dal Santo depuis Bolivie pendant sa visite canonique dans la Province Nossa Senhora Aparecida \u00a0avais envoy\u00e9 \u00e0 toutes les s\u0153urs un message pour pr\u00e9parer bien cette f\u00eate.\u00a0 A Kinshasa nous \u00e9tions 4 s\u0153urs fscj pour renouveler nos v\u0153ux de cons\u00e9cration\u00a0: Sr Ana Maria, Sr \u00c9dith, Sr Eug\u00e9nie, Sr Germaine qui \u00e9tait en famille est venue dans la paroisse de St Boniface nous rejoindre.<\/li>\n<li>S\u0153ur Ana Maria Franco Da Silva, Directrice de notre \u00e9cole \u00e0 c\u00e9l\u00e9br\u00e9 ses 70, ans de naissance le 11 juin , une messe d\u2019action de gr\u00e2ce \u00e0 \u00e9t\u00e9 faite avec tout ce que ce jour recommande.<\/li>\n<\/ul>\n<p>L\u2019ann\u00e9e s\u2019est cl\u00f4tur\u00e9e dans un climat de s\u00e9r\u00e9nit\u00e9 les meilleurs \u00e9l\u00e8ves ont r\u00e9compens\u00e9s par des cadeaux solennels. Nous rappelons qu\u2019au d\u00e9but de l\u2019ann\u00e9e 2018 deux \u00e9l\u00e8ves sont d\u00e9c\u00e9d\u00e9s, paix \u00e0 leurs \u00e2mes.<\/p>\n<p>Et les s\u0153urs sont appel\u00e9es \u00e0 faire 6 jours de retraite spirituelle afin de se ressourcer aupr\u00e8s de J\u00e9sus Ma\u00eetre et \u00e9poux<\/p>\n<p>Les Fscj \u00e0 Kinshasa<\/p>\n<p>Juillet 2018<\/p>\n<p>Sr Eug\u00e9nie Yaguere<\/p>\n","protected":false},"excerpt":{"rendered":"<p>Cherche \u00e0 faire large une place \u00e0 l\u2019amour afin qu\u2019il s\u2019empare de toi\u00a0: pour lui faire une place renie-toi, toi-m\u00eame.\u00a0 Cette mani\u00e8re de faire doit \u00eatre sp\u00e9cifique des Filles du Sacr\u00e9 C\u0153ur. [14 juin 1838] La vie est un don de Dieu, les fscj sont choisies par J\u00e9sus pour aider leurs fr\u00e8res et s\u0153urs \u00e0 [&hellip;]<\/p>\n","protected":false},"author":2,"featured_media":3736,"comment_status":"closed","ping_status":"closed","sticky":false,"template":"","format":"standard","meta":{"_monsterinsights_skip_tracking":false,"_monsterinsights_sitenote_active":false,"_monsterinsights_sitenote_note":"","_monsterinsights_sitenote_category":0,"footnotes":""},"categories":[185],"tags":[467,466,469,470,473,468,410,409,472,471],"_links":{"self":[{"href":"https:\/\/www.alamis-odv.com\/fr\/wp-json\/wp\/v2\/posts\/3720"}],"collection":[{"href":"https:\/\/www.alamis-odv.com\/fr\/wp-json\/wp\/v2\/posts"}],"about":[{"href":"https:\/\/www.alamis-odv.com\/fr\/wp-json\/wp\/v2\/types\/post"}],"author":[{"embeddable":true,"href":"https:\/\/www.alamis-odv.com\/fr\/wp-json\/wp\/v2\/users\/2"}],"replies":[{"embeddable":true,"href":"https:\/\/www.alamis-odv.com\/fr\/wp-json\/wp\/v2\/comments?post=3720"}],"version-history":[{"count":1,"href":"https:\/\/www.alamis-odv.com\/fr\/wp-json\/wp\/v2\/posts\/3720\/revisions"}],"predecessor-version":[{"id":3746,"href":"https:\/\/www.alamis-odv.com\/fr\/wp-json\/wp\/v2\/posts\/3720\/revisions\/3746"}],"wp:featuredmedia":[{"embeddable":true,"href":"https:\/\/www.alamis-odv.com\/fr\/wp-json\/wp\/v2\/media\/3736"}],"wp:attachment":[{"href":"https:\/\/www.alamis-odv.com\/fr\/wp-json\/wp\/v2\/media?parent=3720"}],"wp:term":[{"taxonomy":"category","embeddable":true,"href":"https:\/\/www.alamis-odv.com\/fr\/wp-json\/wp\/v2\/categories?post=3720"},{"taxonomy":"post_tag","embeddable":true,"href":"https:\/\/www.alamis-odv.com\/fr\/wp-json\/wp\/v2\/tags?post=3720"}],"curies":[{"name":"wp","href":"https:\/\/api.w.org\/{rel}","templated":true}]}}