{"id":3035,"date":"2018-03-06T16:06:52","date_gmt":"2018-03-06T16:06:52","guid":{"rendered":"http:\/\/www.alamis-onlus.com\/?p=3035"},"modified":"2018-03-06T16:06:52","modified_gmt":"2018-03-06T16:06:52","slug":"journee-de-priere-paix-congo","status":"publish","type":"post","link":"https:\/\/www.alamis-odv.com\/fr\/journee-de-priere-paix-congo\/","title":{"rendered":"Journ\u00e9e de pri\u00e8re pour la paix au Congo"},"content":{"rendered":"<p>Le Pape Fran\u00e7ois a invit\u00e9 les chr\u00e9tiens \u00e0 prier pour la paix au Congo.En effet, la situation politique du Congo met en p\u00e9ril la vie des innocents ainsi que des chr\u00e9tiens. Pour ce faire, les citoyens du dit pays ont d\u00e9cid\u00e9 de faire la marche pacifique pour ramener la paix dans leur pays. Et ceux qui sont en diaspora pour l&rsquo;amour de leur patrie ont d\u00e9cid\u00e9 de faire autant. Soucieux de la situation critique de ce pays, le Pape invite tous les chr\u00e9tiens \u00e0 consacrer le jour du vendredi 23 F\u00e9vrier \u00e0 prier pour la paix v\u00e9ritable dans ce pays en crise politique.\u00a0 Pour r\u00e9pondre \u00e0 l&rsquo;invitation du Pape en ce jour les Filles du Sacr\u00e9 C\u0153ur ont d\u00e9cid\u00e9 d&rsquo;organiser la journ\u00e9e de la mani\u00e8re suivante. La matin\u00e9e \u00e0 commenc\u00e9 par la messe \u00e0 l&rsquo;intention du Congo et toute la journ\u00e9e la communaut\u00e9 est invit\u00e9e \u00e0 garder le climat du silence, de renoncer \u00e0 quelque chose en vue de penser \u00e0 ceux qui souffrent. Et dans la soir\u00e9e, les s\u0153urs ont fait l&rsquo;adoration silencieuse jusqu&rsquo;\u00e0 21h. Parce que les filles du Sacr\u00e9 c\u0153ur de J\u00e9sus sont aussi pr\u00e9sentes dans cette r\u00e9alit\u00e9 du monde. Continuons \u00e0 prier pour la paix au Congo et dans le monde.<\/p>\n","protected":false},"excerpt":{"rendered":"<p>Le Pape Fran\u00e7ois a invit\u00e9 les chr\u00e9tiens \u00e0 prier pour la paix au Congo.En effet, la situation politique du Congo met en p\u00e9ril la vie des innocents ainsi que des chr\u00e9tiens. Pour ce faire, les citoyens du dit pays ont d\u00e9cid\u00e9 de faire la marche pacifique pour ramener la paix dans leur pays. Et ceux [&hellip;]<\/p>\n","protected":false},"author":2,"featured_media":3043,"comment_status":"closed","ping_status":"closed","sticky":false,"template":"","format":"standard","meta":{"_monsterinsights_skip_tracking":false,"_monsterinsights_sitenote_active":false,"_monsterinsights_sitenote_note":"","_monsterinsights_sitenote_category":0,"footnotes":""},"categories":[185],"tags":[408,410,409],"_links":{"self":[{"href":"https:\/\/www.alamis-odv.com\/fr\/wp-json\/wp\/v2\/posts\/3035"}],"collection":[{"href":"https:\/\/www.alamis-odv.com\/fr\/wp-json\/wp\/v2\/posts"}],"about":[{"href":"https:\/\/www.alamis-odv.com\/fr\/wp-json\/wp\/v2\/types\/post"}],"author":[{"embeddable":true,"href":"https:\/\/www.alamis-odv.com\/fr\/wp-json\/wp\/v2\/users\/2"}],"replies":[{"embeddable":true,"href":"https:\/\/www.alamis-odv.com\/fr\/wp-json\/wp\/v2\/comments?post=3035"}],"version-history":[{"count":1,"href":"https:\/\/www.alamis-odv.com\/fr\/wp-json\/wp\/v2\/posts\/3035\/revisions"}],"predecessor-version":[{"id":3049,"href":"https:\/\/www.alamis-odv.com\/fr\/wp-json\/wp\/v2\/posts\/3035\/revisions\/3049"}],"wp:featuredmedia":[{"embeddable":true,"href":"https:\/\/www.alamis-odv.com\/fr\/wp-json\/wp\/v2\/media\/3043"}],"wp:attachment":[{"href":"https:\/\/www.alamis-odv.com\/fr\/wp-json\/wp\/v2\/media?parent=3035"}],"wp:term":[{"taxonomy":"category","embeddable":true,"href":"https:\/\/www.alamis-odv.com\/fr\/wp-json\/wp\/v2\/categories?post=3035"},{"taxonomy":"post_tag","embeddable":true,"href":"https:\/\/www.alamis-odv.com\/fr\/wp-json\/wp\/v2\/tags?post=3035"}],"curies":[{"name":"wp","href":"https:\/\/api.w.org\/{rel}","templated":true}]}}