{"id":5762,"date":"2020-05-05T17:48:41","date_gmt":"2020-05-05T17:48:41","guid":{"rendered":"https:\/\/www.alamis-onlus.com\/?p=5762"},"modified":"2020-05-05T17:48:41","modified_gmt":"2020-05-05T17:48:41","slug":"bolivia-portachuelo","status":"publish","type":"post","link":"https:\/\/www.alamis-odv.com\/es\/bolivia-portachuelo\/","title":{"rendered":"BOLIVIA- PORTACHUELO"},"content":{"rendered":"<p>\u201cSean misericordiosos, como el Padre de ustedes es misericordioso.\u201d Lc. 6,36.<\/p>\n<p>El tiempo de cuaresma nos invita a ser compasivos con los que sufren, aun hoy, la pasi\u00f3n de Cristo en su propia carne, azotados por la enfermedad y muchas veces por el abandono, viviendo en la soledad.<\/p>\n<p>En Bolivia, la salud hace parte del descaso de las autoridades, dejando as\u00ed muchos alejados de los recursos y del derecho a la atenci\u00f3n hospitalaria. Ante esta realidad, las hermanas Hijas del Sagrado Coraz\u00f3n de Jes\u00fas, al escuchar el clamor de estos hermanos y hermanas, con coraz\u00f3n compasivo, aprendido del Sagrado Coraz\u00f3n de Jes\u00fas, dedican su tiempo para sanar las heridas f\u00edsicas, toc\u00e1ndolas como Jes\u00fas, que al tocar los enfermos los sanaba con la fuerza de la oraci\u00f3n y compasi\u00f3n. Aparte del cuidado do f\u00edsico-humano-espiritual, frente a la pobreza material, ayudamos algunas familias con ropa, alimentos y otras necesidades.<\/p>\n<p>&nbsp;<\/p>\n<p><img decoding=\"async\" loading=\"lazy\" src=\"https:\/\/www.alamis-odv.com\/wp-content\/uploads\/2020\/05\/1-200x200.jpg\" alt=\"\" width=\"200\" height=\"200\" class=\"alignnone size-thumbnail wp-image-5763\" srcset=\"https:\/\/www.alamis-odv.com\/wp-content\/uploads\/2020\/05\/1-200x200.jpg 200w, https:\/\/www.alamis-odv.com\/wp-content\/uploads\/2020\/05\/1-100x100.jpg 100w\" sizes=\"(max-width: 200px) 100vw, 200px\" \/><\/p>\n<p><img decoding=\"async\" loading=\"lazy\" src=\"https:\/\/www.alamis-odv.com\/wp-content\/uploads\/2020\/05\/2-200x200.jpg\" alt=\"\" width=\"200\" height=\"200\" class=\"alignnone size-thumbnail wp-image-5773\" srcset=\"https:\/\/www.alamis-odv.com\/wp-content\/uploads\/2020\/05\/2-200x200.jpg 200w, https:\/\/www.alamis-odv.com\/wp-content\/uploads\/2020\/05\/2-570x570.jpg 570w, https:\/\/www.alamis-odv.com\/wp-content\/uploads\/2020\/05\/2-100x100.jpg 100w\" sizes=\"(max-width: 200px) 100vw, 200px\" \/><\/p>\n<p>Grande es el desaf\u00edo de nuestra presencia en la formaci\u00f3n de los j\u00f3venes, especialmente en las escuelas fiscales y los j\u00f3venes del campo. Respondiendo a este desaf\u00edo, la parroquia constituy\u00f3 un equipo que se encargar\u00e1 de proponer a los j\u00f3venes momentos de formaci\u00f3n y acompa\u00f1amiento del proyecto de vida, de forma personal y grupal.<\/p>\n<p>Hermana Eugenia Krinski- Hscj participa del equipo de forma activa, bien como dedica parte de su tiempo en la escucha.<\/p>\n<p><img decoding=\"async\" loading=\"lazy\" src=\"https:\/\/www.alamis-odv.com\/wp-content\/uploads\/2020\/05\/3-200x200.jpg\" alt=\"\" width=\"200\" height=\"200\" class=\"alignnone size-thumbnail wp-image-5778\" srcset=\"https:\/\/www.alamis-odv.com\/wp-content\/uploads\/2020\/05\/3-200x200.jpg 200w, https:\/\/www.alamis-odv.com\/wp-content\/uploads\/2020\/05\/3-100x100.jpg 100w\" sizes=\"(max-width: 200px) 100vw, 200px\" \/><\/p>\n<p><img decoding=\"async\" loading=\"lazy\" src=\"https:\/\/www.alamis-odv.com\/wp-content\/uploads\/2020\/05\/4-200x200.jpg\" alt=\"\" width=\"200\" height=\"200\" class=\"alignnone size-thumbnail wp-image-5783\" srcset=\"https:\/\/www.alamis-odv.com\/wp-content\/uploads\/2020\/05\/4-200x200.jpg 200w, https:\/\/www.alamis-odv.com\/wp-content\/uploads\/2020\/05\/4-570x570.jpg 570w, https:\/\/www.alamis-odv.com\/wp-content\/uploads\/2020\/05\/4-100x100.jpg 100w\" sizes=\"(max-width: 200px) 100vw, 200px\" \/><\/p>\n<p>&nbsp;<\/p>\n<p>Infancia misionera tambi\u00e9n ocupa el coraz\u00f3n de las hijas del Sagrado Coraz\u00f3n de Jes\u00fas, en Bolivia, especialmente en las comunidades del campo. Formando peque\u00f1os misioneros y misioneras.<\/p>\n<p><img decoding=\"async\" loading=\"lazy\" src=\"https:\/\/www.alamis-odv.com\/wp-content\/uploads\/2020\/05\/5-200x200.jpg\" alt=\"\" width=\"200\" height=\"200\" class=\"alignnone size-thumbnail wp-image-5788\" srcset=\"https:\/\/www.alamis-odv.com\/wp-content\/uploads\/2020\/05\/5-200x200.jpg 200w, https:\/\/www.alamis-odv.com\/wp-content\/uploads\/2020\/05\/5-570x570.jpg 570w, https:\/\/www.alamis-odv.com\/wp-content\/uploads\/2020\/05\/5-100x100.jpg 100w\" sizes=\"(max-width: 200px) 100vw, 200px\" \/><\/p>\n","protected":false},"excerpt":{"rendered":"<p>\u201cSean misericordiosos, como el Padre de ustedes es misericordioso.\u201d Lc. 6,36. El tiempo de cuaresma nos invita a ser compasivos con los que sufren, aun hoy, la pasi\u00f3n de Cristo en su propia carne, azotados por la enfermedad y muchas veces por el abandono, viviendo en la soledad. En Bolivia, la salud hace parte del [&hellip;]<\/p>\n","protected":false},"author":2,"featured_media":5788,"comment_status":"closed","ping_status":"closed","sticky":false,"template":"","format":"standard","meta":{"_monsterinsights_skip_tracking":false,"_monsterinsights_sitenote_active":false,"_monsterinsights_sitenote_note":"","_monsterinsights_sitenote_category":0,"footnotes":""},"categories":[196],"tags":[756,757,754,755,753],"_links":{"self":[{"href":"https:\/\/www.alamis-odv.com\/es\/wp-json\/wp\/v2\/posts\/5762"}],"collection":[{"href":"https:\/\/www.alamis-odv.com\/es\/wp-json\/wp\/v2\/posts"}],"about":[{"href":"https:\/\/www.alamis-odv.com\/es\/wp-json\/wp\/v2\/types\/post"}],"author":[{"embeddable":true,"href":"https:\/\/www.alamis-odv.com\/es\/wp-json\/wp\/v2\/users\/2"}],"replies":[{"embeddable":true,"href":"https:\/\/www.alamis-odv.com\/es\/wp-json\/wp\/v2\/comments?post=5762"}],"version-history":[{"count":1,"href":"https:\/\/www.alamis-odv.com\/es\/wp-json\/wp\/v2\/posts\/5762\/revisions"}],"predecessor-version":[{"id":5793,"href":"https:\/\/www.alamis-odv.com\/es\/wp-json\/wp\/v2\/posts\/5762\/revisions\/5793"}],"wp:featuredmedia":[{"embeddable":true,"href":"https:\/\/www.alamis-odv.com\/es\/wp-json\/wp\/v2\/media\/5788"}],"wp:attachment":[{"href":"https:\/\/www.alamis-odv.com\/es\/wp-json\/wp\/v2\/media?parent=5762"}],"wp:term":[{"taxonomy":"category","embeddable":true,"href":"https:\/\/www.alamis-odv.com\/es\/wp-json\/wp\/v2\/categories?post=5762"},{"taxonomy":"post_tag","embeddable":true,"href":"https:\/\/www.alamis-odv.com\/es\/wp-json\/wp\/v2\/tags?post=5762"}],"curies":[{"name":"wp","href":"https:\/\/api.w.org\/{rel}","templated":true}]}}