{"id":5527,"date":"2020-01-03T10:10:35","date_gmt":"2020-01-03T10:10:35","guid":{"rendered":"https:\/\/www.alamis-onlus.com\/?p=5527"},"modified":"2020-01-03T10:11:09","modified_gmt":"2020-01-03T10:11:09","slug":"llamados-y-enviados-as-para-que-todos-tengan-vida-y-vida-en-abundancia","status":"publish","type":"post","link":"https:\/\/www.alamis-odv.com\/es\/llamados-y-enviados-as-para-que-todos-tengan-vida-y-vida-en-abundancia\/","title":{"rendered":"Llamados y enviados\/as para que todos tengan vida, y vida en abundancia."},"content":{"rendered":"<p>Compartimos alg\u00fan flash de la misi\u00f3n de las Hermanas Hijas del Sagrado Coraz\u00f3n de Jes\u00fas en Portachuelo- Bolivia.<\/p>\n<p><img decoding=\"async\" loading=\"lazy\" src=\"https:\/\/www.alamis-odv.com\/wp-content\/uploads\/2020\/01\/1-e1578045941815-200x200.jpg\" alt=\"\" width=\"200\" height=\"200\" class=\"alignnone wp-image-5528 size-thumbnail\" srcset=\"https:\/\/www.alamis-odv.com\/wp-content\/uploads\/2020\/01\/1-e1578045941815-200x200.jpg 200w, https:\/\/www.alamis-odv.com\/wp-content\/uploads\/2020\/01\/1-e1578045941815-100x100.jpg 100w, https:\/\/www.alamis-odv.com\/wp-content\/uploads\/2020\/01\/1-e1578045941815-503x500.jpg 503w\" sizes=\"(max-width: 200px) 100vw, 200px\" \/><img decoding=\"async\" loading=\"lazy\" src=\"https:\/\/www.alamis-odv.com\/wp-content\/uploads\/2020\/01\/2-e1578046024626-200x200.jpg\" alt=\"\" width=\"200\" height=\"200\" class=\"alignnone wp-image-5533 size-thumbnail\" srcset=\"https:\/\/www.alamis-odv.com\/wp-content\/uploads\/2020\/01\/2-e1578046024626-200x200.jpg 200w, https:\/\/www.alamis-odv.com\/wp-content\/uploads\/2020\/01\/2-e1578046024626-100x100.jpg 100w\" sizes=\"(max-width: 200px) 100vw, 200px\" \/><\/p>\n<ul>\n<li>Compasi\u00f3n de los que sufren en el abandono y sin derechos de una vida digna. Hna. Therezinha Gazzolla, con su conocimiento de enfermer\u00eda, y con su conocimiento en la salud alternativa, con su coraz\u00f3n y con sus manos toca la herida de muchos para aliviar su dolor. La medicina casera, donada gratuitamente por la naturaleza tornase ben\u00e9fica a aquellos que no cuentan con recursos hospitalarios. Muchos son los testimonios de personas que vi\u00e9ndose curados de sus heridas, estampan la alegr\u00eda en su rostro un coraz\u00f3n agradecido.<\/li>\n<\/ul>\n<p>Junto con la asistencia a la salud lleva el conforto espiritual.<\/p>\n<ul>\n<li>So\u00f1ar, hasta que el sue\u00f1o se torne realidad. Hermana Eugenia Krinski y Hermana Taline Terezinha Steffen, con su carisma particular, dedican mayor parte de su entrega como Consagradas, a la Formaci\u00f3n de Liderazgo joven,de las comunidades del campo, despertando para una nueva prospectiva de vida, para un nuevo sentido de la existencia y un compromiso comunitario. Cultivando el arte y la cultura.<\/li>\n<\/ul>\n<p><img decoding=\"async\" loading=\"lazy\" src=\"https:\/\/www.alamis-odv.com\/wp-content\/uploads\/2020\/01\/3-200x200.jpg\" alt=\"\" width=\"200\" height=\"200\" class=\"alignnone size-thumbnail wp-image-5538\" srcset=\"https:\/\/www.alamis-odv.com\/wp-content\/uploads\/2020\/01\/3-200x200.jpg 200w, https:\/\/www.alamis-odv.com\/wp-content\/uploads\/2020\/01\/3-570x570.jpg 570w, https:\/\/www.alamis-odv.com\/wp-content\/uploads\/2020\/01\/3-100x100.jpg 100w\" sizes=\"(max-width: 200px) 100vw, 200px\" \/><\/p>\n<p>Um compromiso joven en una iglesia joven. Los jovenes, despues de la formaci\u00f3n, asumen el compromiso con su comunidad, siendo misioneros,\u00a0 realizando actividades con los ni\u00f1os\/as de la Infancia Misionera, actividades recreativas, de convivencia y de formaci\u00f3n espiritual.<\/p>\n<p><img decoding=\"async\" loading=\"lazy\" src=\"https:\/\/www.alamis-odv.com\/wp-content\/uploads\/2020\/01\/5-200x200.jpg\" alt=\"\" width=\"200\" height=\"200\" class=\"alignnone size-thumbnail wp-image-5543\" srcset=\"https:\/\/www.alamis-odv.com\/wp-content\/uploads\/2020\/01\/5-200x200.jpg 200w, https:\/\/www.alamis-odv.com\/wp-content\/uploads\/2020\/01\/5-100x100.jpg 100w\" sizes=\"(max-width: 200px) 100vw, 200px\" \/><\/p>\n<p>Desde nuestra misi\u00f3n de Portachuelo- Bolivia enviamos nuestro saludo de Felices Fiestas a todos los bienechores que con su generosidad aportam p\u00e1ra que nuestra misi\u00f3n sea mas eficaz. Dios los bendiga y Feliz Navidad y Prospero A\u00f1o Nuevo.<\/p>\n<p>Hermana Eugenia Krinski,Hscj Portachuelo \/Bolivia.<\/p>\n","protected":false},"excerpt":{"rendered":"<p>Compartimos alg\u00fan flash de la misi\u00f3n de las Hermanas Hijas del Sagrado Coraz\u00f3n de Jes\u00fas en Portachuelo- Bolivia. Compasi\u00f3n de los que sufren en el abandono y sin derechos de una vida digna. Hna. Therezinha Gazzolla, con su conocimiento de enfermer\u00eda, y con su conocimiento en la salud alternativa, con su coraz\u00f3n y con sus [&hellip;]<\/p>\n","protected":false},"author":2,"featured_media":5543,"comment_status":"closed","ping_status":"closed","sticky":false,"template":"","format":"standard","meta":{"_monsterinsights_skip_tracking":false,"_monsterinsights_sitenote_active":false,"_monsterinsights_sitenote_note":"","_monsterinsights_sitenote_category":0,"footnotes":""},"categories":[196],"tags":[678,677,676,495],"_links":{"self":[{"href":"https:\/\/www.alamis-odv.com\/es\/wp-json\/wp\/v2\/posts\/5527"}],"collection":[{"href":"https:\/\/www.alamis-odv.com\/es\/wp-json\/wp\/v2\/posts"}],"about":[{"href":"https:\/\/www.alamis-odv.com\/es\/wp-json\/wp\/v2\/types\/post"}],"author":[{"embeddable":true,"href":"https:\/\/www.alamis-odv.com\/es\/wp-json\/wp\/v2\/users\/2"}],"replies":[{"embeddable":true,"href":"https:\/\/www.alamis-odv.com\/es\/wp-json\/wp\/v2\/comments?post=5527"}],"version-history":[{"count":1,"href":"https:\/\/www.alamis-odv.com\/es\/wp-json\/wp\/v2\/posts\/5527\/revisions"}],"predecessor-version":[{"id":5548,"href":"https:\/\/www.alamis-odv.com\/es\/wp-json\/wp\/v2\/posts\/5527\/revisions\/5548"}],"wp:featuredmedia":[{"embeddable":true,"href":"https:\/\/www.alamis-odv.com\/es\/wp-json\/wp\/v2\/media\/5543"}],"wp:attachment":[{"href":"https:\/\/www.alamis-odv.com\/es\/wp-json\/wp\/v2\/media?parent=5527"}],"wp:term":[{"taxonomy":"category","embeddable":true,"href":"https:\/\/www.alamis-odv.com\/es\/wp-json\/wp\/v2\/categories?post=5527"},{"taxonomy":"post_tag","embeddable":true,"href":"https:\/\/www.alamis-odv.com\/es\/wp-json\/wp\/v2\/tags?post=5527"}],"curies":[{"name":"wp","href":"https:\/\/api.w.org\/{rel}","templated":true}]}}