{"id":5524,"date":"2020-01-03T10:19:01","date_gmt":"2020-01-03T10:19:01","guid":{"rendered":"https:\/\/www.alamis-onlus.com\/?p=5524"},"modified":"2020-01-03T10:35:09","modified_gmt":"2020-01-03T10:35:09","slug":"sembrando-esperanza","status":"publish","type":"post","link":"https:\/\/www.alamis-odv.com\/es\/sembrando-esperanza\/","title":{"rendered":"SEMBRANDO ESPERANZA"},"content":{"rendered":"<p><img decoding=\"async\" loading=\"lazy\" src=\"https:\/\/www.alamis-odv.com\/wp-content\/uploads\/2019\/12\/5-200x200.jpg\" alt=\"\" width=\"200\" height=\"200\" class=\"alignnone size-thumbnail wp-image-5515\" \/><img decoding=\"async\" loading=\"lazy\" src=\"https:\/\/www.alamis-odv.com\/wp-content\/uploads\/2019\/12\/6-200x200.jpg\" alt=\"\" width=\"200\" height=\"200\" class=\"alignnone size-thumbnail wp-image-5520\" \/><\/p>\n<p>El apoyo socio educativo\u00a0 dirigido a \u00a0ni\u00f1os y ni\u00f1as de diversos barrios de Minero que asisten al Centro San Jos\u00e9,\u00a0 se desarrolla con\u00a0 actividades de apoyo escolar, refuerzo educativo, talleres de habilidades sociales, actividades deportivas y de ocio.<\/p>\n<p>Con la llegada de\u00a0 Martha y Matea, educadoras voluntarias de Croacia. Marcadas\u00a0 por\u00a0 fuerte espirito misionero y alegr\u00eda\u00a0 vienen \u00a0\u00a0apoyar la misi\u00f3n en nuestra\u00a0 Parroquia, tra\u00eddas por la\u00a0 \u00a0comunidad de los Hermanos\u00a0 Franciscanos Capuchinos Menores. En su bagaje trajeron la experiencia del Programa <strong>BRIANOBRIAN,<\/strong>\u00a0 precisamente \u00a0clases para ni\u00f1os con \u00a0\u201cabacus\u201d<strong>.<\/strong><\/p>\n<p><em><img decoding=\"async\" loading=\"lazy\" src=\"https:\/\/www.alamis-odv.com\/wp-content\/uploads\/2019\/12\/4-200x200.jpg\" alt=\"\" width=\"200\" height=\"200\" class=\"alignnone size-thumbnail wp-image-5510\" \/><\/em><\/p>\n<p><em>\u201cAprender con \u201cabacus\u201d es una metodolog\u00eda de entrenamiento\u2026 que ayuda a los ni\u00f1os a mejorar la eficiencia de su cerebro.\u00a0 Permite calcular n\u00fameros complejos m\u00e1s r\u00e1pido, lo que\u00a0 les ayuda a alcanzar mejor\u00a0 desarrollo del cerebro de una manera natural.\u201d<\/em><\/p>\n<p><img decoding=\"async\" loading=\"lazy\" src=\"https:\/\/www.alamis-odv.com\/wp-content\/uploads\/2019\/12\/2-200x200.jpg\" alt=\"\" width=\"200\" height=\"200\" class=\"alignnone size-thumbnail wp-image-5500\" \/><\/p>\n<p>De marzo a noviembre los ni\u00f1os participaron de clases semanales con las voluntarias, donde avanzaron los diferentes niveles, que comprende la metodolog\u00eda del \u201cabacus\u201d.\u00a0 Los ni\u00f1os se reun\u00edan en grupos de acuerdo a la edad. A par del entrenamiento, se realizaron \u00a0din\u00e1micas de grupo de integraci\u00f3n, entretenimiento y desarrollo, como tambi\u00e9n diariamente realizaban \u00a0ejercicios pr\u00e1cticos \u00a0con el mismo \u201cabacus\u201d.<\/p>\n<p>Otra actividad realizada durante el a\u00f1o fue el cultivo del huerto, los ni\u00f1os disfrutaron preparar la tierra,\u00a0 sembrar y cuidar diariamente con el riego a las plantas. Luego tuvieron la alegr\u00eda de cosechar los frutos y consumirlos en la comida diaria que reciben.<\/p>\n<p><img decoding=\"async\" loading=\"lazy\" src=\"https:\/\/www.alamis-odv.com\/wp-content\/uploads\/2019\/12\/8-200x200.jpg\" alt=\"\" width=\"200\" height=\"200\" class=\"alignnone size-thumbnail wp-image-5505\" \/><\/p>\n<p>Con el huerto\u00a0 los ni\u00f1os aprenden el cuidado de la tierra,\u00a0 descubren que ellos tambi\u00e9n pueden cultivar sus plantas. Se interesaron por\u00a0 recolectar\u00a0 semillas, para sembrar en el jard\u00edn de sus casas. Son peque\u00f1os signos, poner en sus manos la semilla de la esperanza \u00a0que se riega con cuidado, confianza, amor y dedicaci\u00f3n.<\/p>\n","protected":false},"excerpt":{"rendered":"<p>El apoyo socio educativo\u00a0 dirigido a \u00a0ni\u00f1os y ni\u00f1as de diversos barrios de Minero que asisten al Centro San Jos\u00e9,\u00a0 se desarrolla con\u00a0 actividades de apoyo escolar, refuerzo educativo, talleres de habilidades sociales, actividades deportivas y de ocio. Con la llegada de\u00a0 Martha y Matea, educadoras voluntarias de Croacia. Marcadas\u00a0 por\u00a0 fuerte espirito misionero y [&hellip;]<\/p>\n","protected":false},"author":2,"featured_media":5505,"comment_status":"closed","ping_status":"closed","sticky":false,"template":"","format":"standard","meta":{"_monsterinsights_skip_tracking":false,"_monsterinsights_sitenote_active":false,"_monsterinsights_sitenote_note":"","_monsterinsights_sitenote_category":0,"footnotes":""},"categories":[196,164],"tags":[683,682,681,679,680],"_links":{"self":[{"href":"https:\/\/www.alamis-odv.com\/es\/wp-json\/wp\/v2\/posts\/5524"}],"collection":[{"href":"https:\/\/www.alamis-odv.com\/es\/wp-json\/wp\/v2\/posts"}],"about":[{"href":"https:\/\/www.alamis-odv.com\/es\/wp-json\/wp\/v2\/types\/post"}],"author":[{"embeddable":true,"href":"https:\/\/www.alamis-odv.com\/es\/wp-json\/wp\/v2\/users\/2"}],"replies":[{"embeddable":true,"href":"https:\/\/www.alamis-odv.com\/es\/wp-json\/wp\/v2\/comments?post=5524"}],"version-history":[{"count":1,"href":"https:\/\/www.alamis-odv.com\/es\/wp-json\/wp\/v2\/posts\/5524\/revisions"}],"predecessor-version":[{"id":5550,"href":"https:\/\/www.alamis-odv.com\/es\/wp-json\/wp\/v2\/posts\/5524\/revisions\/5550"}],"wp:featuredmedia":[{"embeddable":true,"href":"https:\/\/www.alamis-odv.com\/es\/wp-json\/wp\/v2\/media\/5505"}],"wp:attachment":[{"href":"https:\/\/www.alamis-odv.com\/es\/wp-json\/wp\/v2\/media?parent=5524"}],"wp:term":[{"taxonomy":"category","embeddable":true,"href":"https:\/\/www.alamis-odv.com\/es\/wp-json\/wp\/v2\/categories?post=5524"},{"taxonomy":"post_tag","embeddable":true,"href":"https:\/\/www.alamis-odv.com\/es\/wp-json\/wp\/v2\/tags?post=5524"}],"curies":[{"name":"wp","href":"https:\/\/api.w.org\/{rel}","templated":true}]}}