{"id":3994,"date":"2018-09-19T14:17:45","date_gmt":"2018-09-19T14:17:45","guid":{"rendered":"http:\/\/www.alamis-onlus.com\/?p=3994"},"modified":"2018-09-19T14:17:45","modified_gmt":"2018-09-19T14:17:45","slug":"accion-solidaria","status":"publish","type":"post","link":"https:\/\/www.alamis-odv.com\/es\/accion-solidaria\/","title":{"rendered":"Acci\u00f3n solidaria."},"content":{"rendered":"<p>Visitando los barrios, nos encontramos con la familia Guti\u00e9rrez, familia de escasos recursos, en el barrio de los Cus\u00eds, que vive en una vivienda precaria en la cual viv\u00eda una familia con 6 ni\u00f1os. Una vivienda hecha de barro y techada de paja, que con las fuertes lluvias mojaba todo lo que ten\u00edan en la casa.<\/p>\n<p>&nbsp;<\/p>\n<p>Viendo la necesidad urgente, las hermanas Hijas del Sagrado Coraz\u00f3n de Jes\u00fas en comuni\u00f3n con Caritas parroquial, buscamos ayuda y se logr\u00f3 construir un cuarto para que tuvieran un ambiente m\u00e1s seguro y humano para vivir.<\/p>\n<p><img decoding=\"async\" loading=\"lazy\" src=\"http:\/\/www.alamis-odv.com\/wp-content\/uploads\/2018\/09\/DSC05955-200x200.jpg\" alt=\"\" width=\"200\" height=\"200\" class=\"alignnone size-thumbnail wp-image-3995\" srcset=\"https:\/\/www.alamis-odv.com\/wp-content\/uploads\/2018\/09\/DSC05955-200x200.jpg 200w, https:\/\/www.alamis-odv.com\/wp-content\/uploads\/2018\/09\/DSC05955-570x570.jpg 570w, https:\/\/www.alamis-odv.com\/wp-content\/uploads\/2018\/09\/DSC05955-100x100.jpg 100w, https:\/\/www.alamis-odv.com\/wp-content\/uploads\/2018\/09\/DSC05955-1140x1140.jpg 1140w\" sizes=\"(max-width: 200px) 100vw, 200px\" \/><\/p>\n<p>La familia contribuy\u00f3 ayudando el alba\u00f1il en la construcci\u00f3n. Gracias a la colaboraci\u00f3n de varios voluntarios, hoy, la familia tiene un ambiente m\u00e1s humano para vivir.<\/p>\n","protected":false},"excerpt":{"rendered":"<p>Visitando los barrios, nos encontramos con la familia Guti\u00e9rrez, familia de escasos recursos, en el barrio de los Cus\u00eds, que vive en una vivienda precaria en la cual viv\u00eda una familia con 6 ni\u00f1os. Una vivienda hecha de barro y techada de paja, que con las fuertes lluvias mojaba todo lo que ten\u00edan en la [&hellip;]<\/p>\n","protected":false},"author":2,"featured_media":4000,"comment_status":"closed","ping_status":"closed","sticky":false,"template":"","format":"standard","meta":{"_monsterinsights_skip_tracking":false,"_monsterinsights_sitenote_active":false,"_monsterinsights_sitenote_note":"","_monsterinsights_sitenote_category":0,"footnotes":""},"categories":[196],"tags":[506,503,502,504,505],"_links":{"self":[{"href":"https:\/\/www.alamis-odv.com\/es\/wp-json\/wp\/v2\/posts\/3994"}],"collection":[{"href":"https:\/\/www.alamis-odv.com\/es\/wp-json\/wp\/v2\/posts"}],"about":[{"href":"https:\/\/www.alamis-odv.com\/es\/wp-json\/wp\/v2\/types\/post"}],"author":[{"embeddable":true,"href":"https:\/\/www.alamis-odv.com\/es\/wp-json\/wp\/v2\/users\/2"}],"replies":[{"embeddable":true,"href":"https:\/\/www.alamis-odv.com\/es\/wp-json\/wp\/v2\/comments?post=3994"}],"version-history":[{"count":1,"href":"https:\/\/www.alamis-odv.com\/es\/wp-json\/wp\/v2\/posts\/3994\/revisions"}],"predecessor-version":[{"id":4005,"href":"https:\/\/www.alamis-odv.com\/es\/wp-json\/wp\/v2\/posts\/3994\/revisions\/4005"}],"wp:featuredmedia":[{"embeddable":true,"href":"https:\/\/www.alamis-odv.com\/es\/wp-json\/wp\/v2\/media\/4000"}],"wp:attachment":[{"href":"https:\/\/www.alamis-odv.com\/es\/wp-json\/wp\/v2\/media?parent=3994"}],"wp:term":[{"taxonomy":"category","embeddable":true,"href":"https:\/\/www.alamis-odv.com\/es\/wp-json\/wp\/v2\/categories?post=3994"},{"taxonomy":"post_tag","embeddable":true,"href":"https:\/\/www.alamis-odv.com\/es\/wp-json\/wp\/v2\/tags?post=3994"}],"curies":[{"name":"wp","href":"https:\/\/api.w.org\/{rel}","templated":true}]}}