{"id":3856,"date":"2018-07-30T13:45:47","date_gmt":"2018-07-30T13:45:47","guid":{"rendered":"http:\/\/www.alamis-onlus.com\/?p=3856"},"modified":"2018-07-30T13:45:47","modified_gmt":"2018-07-30T13:45:47","slug":"centro-san-jose-de-minero-vacaciones-invernales","status":"publish","type":"post","link":"https:\/\/www.alamis-odv.com\/es\/centro-san-jose-de-minero-vacaciones-invernales\/","title":{"rendered":"CENTRO SAN JOSE DE MINERO &#8211; VACACIONES INVERNALES"},"content":{"rendered":"<p>Llega es mes julio y con el fr\u00edo las esperadas vacaciones de invierno. Los ni\u00f1os del centro San Jos\u00e9 esperan deseosos este tiempo, porque en este periodo se juntan los dos turnos ma\u00f1ana y tarde, y para algunos es la oportunidad de traer para asistir al centro sus hermanitos menores.<\/p>\n<p>En este periodo realizaran \u00a0actividades diversas, guiados por la profesora Elida, siempre muy atenta y dedicada en cada actividad y este a\u00f1o contamos con el apoyo de una joven voluntaria Lesley Ramos, es universitaria y\u00a0 ha dedicado su tiempo libre\u00a0 para ayudar\u00a0 en el desarrollo de actividades con\u00a0 los ni\u00f1os.<\/p>\n<p><img decoding=\"async\" loading=\"lazy\" src=\"http:\/\/www.alamis-odv.com\/wp-content\/uploads\/2018\/07\/IMG-20180710-WA0020-200x200.jpg\" alt=\"\" width=\"223\" height=\"223\" class=\"alignnone  wp-image-3882\" srcset=\"https:\/\/www.alamis-odv.com\/wp-content\/uploads\/2018\/07\/IMG-20180710-WA0020-200x200.jpg 200w, https:\/\/www.alamis-odv.com\/wp-content\/uploads\/2018\/07\/IMG-20180710-WA0020-570x570.jpg 570w, https:\/\/www.alamis-odv.com\/wp-content\/uploads\/2018\/07\/IMG-20180710-WA0020-100x100.jpg 100w\" sizes=\"(max-width: 223px) 100vw, 223px\" \/><img decoding=\"async\" loading=\"lazy\" src=\"http:\/\/www.alamis-odv.com\/wp-content\/uploads\/2018\/07\/IMG-20180709-WA0031-200x200.jpg\" alt=\"\" width=\"200\" height=\"200\" class=\"alignnone size-thumbnail wp-image-3877\" srcset=\"https:\/\/www.alamis-odv.com\/wp-content\/uploads\/2018\/07\/IMG-20180709-WA0031-200x200.jpg 200w, https:\/\/www.alamis-odv.com\/wp-content\/uploads\/2018\/07\/IMG-20180709-WA0031-570x570.jpg 570w, https:\/\/www.alamis-odv.com\/wp-content\/uploads\/2018\/07\/IMG-20180709-WA0031-100x100.jpg 100w\" sizes=\"(max-width: 200px) 100vw, 200px\" \/><\/p>\n<p>Se realiz\u00f3 actividades de manualidades, taller de capacitaci\u00f3n en el tema de prevenci\u00f3n del maltrato y abusos dentro del <strong>Proyecto \u201cUn Nuevo Sol Para el Desarrollo Comunitario\u201d<\/strong>, deporte, momentos de oraci\u00f3n y reflexi\u00f3n, y cocina.<\/p>\n<p><img decoding=\"async\" loading=\"lazy\" src=\"http:\/\/www.alamis-odv.com\/wp-content\/uploads\/2018\/07\/20180426_171603-200x200.jpg\" alt=\"\" width=\"200\" height=\"200\" class=\"alignnone size-thumbnail wp-image-3862\" srcset=\"https:\/\/www.alamis-odv.com\/wp-content\/uploads\/2018\/07\/20180426_171603-200x200.jpg 200w, https:\/\/www.alamis-odv.com\/wp-content\/uploads\/2018\/07\/20180426_171603-570x570.jpg 570w, https:\/\/www.alamis-odv.com\/wp-content\/uploads\/2018\/07\/20180426_171603-100x100.jpg 100w, https:\/\/www.alamis-odv.com\/wp-content\/uploads\/2018\/07\/20180426_171603-1140x1140.jpg 1140w\" sizes=\"(max-width: 200px) 100vw, 200px\" \/><img decoding=\"async\" loading=\"lazy\" src=\"http:\/\/www.alamis-odv.com\/wp-content\/uploads\/2018\/07\/20180719_152051-200x200.jpg\" alt=\"\" width=\"200\" height=\"200\" class=\"alignnone size-thumbnail wp-image-3872\" srcset=\"https:\/\/www.alamis-odv.com\/wp-content\/uploads\/2018\/07\/20180719_152051-200x200.jpg 200w, https:\/\/www.alamis-odv.com\/wp-content\/uploads\/2018\/07\/20180719_152051-570x570.jpg 570w, https:\/\/www.alamis-odv.com\/wp-content\/uploads\/2018\/07\/20180719_152051-100x100.jpg 100w, https:\/\/www.alamis-odv.com\/wp-content\/uploads\/2018\/07\/20180719_152051-1140x1140.jpg 1140w\" sizes=\"(max-width: 200px) 100vw, 200px\" \/><\/p>\n<p>El proyecto de prevenci\u00f3n del maltrato y abusos <strong>\u201cUn Nuevo Sol Para el Desarrollo Comunitario\u201d <\/strong>es una propuesta de trabajar mediante actividades l\u00fadicas, o sea, con dibujos, t\u00edteres y cuentos las situaciones adversas que viven los ni\u00f1os en sus hogares.\u00a0 Posibilitando que expresen sentimientos y emociones generados en los conflictos que viven en el d\u00eda a d\u00eda.<\/p>\n<p>Les encant\u00f3 ir a la cocina preparar algunas recetas, que despu\u00e9s compartieran con sus compa\u00f1eros.<\/p>\n<p>Se capacit\u00f3 las madres en el uso de la soya como alternativa para una alimentaci\u00f3n saludable y nutritiva con bajo costo.<\/p>\n<p><img decoding=\"async\" loading=\"lazy\" src=\"http:\/\/www.alamis-odv.com\/wp-content\/uploads\/2018\/07\/20180713_123839-e1532957804525-200x200.jpg\" alt=\"\" width=\"200\" height=\"200\" class=\"alignnone size-thumbnail wp-image-3867\" srcset=\"https:\/\/www.alamis-odv.com\/wp-content\/uploads\/2018\/07\/20180713_123839-e1532957804525-200x200.jpg 200w, https:\/\/www.alamis-odv.com\/wp-content\/uploads\/2018\/07\/20180713_123839-e1532957804525-570x570.jpg 570w, https:\/\/www.alamis-odv.com\/wp-content\/uploads\/2018\/07\/20180713_123839-e1532957804525-100x100.jpg 100w, https:\/\/www.alamis-odv.com\/wp-content\/uploads\/2018\/07\/20180713_123839-e1532957804525-1140x1140.jpg 1140w\" sizes=\"(max-width: 200px) 100vw, 200px\" \/><\/p>\n<p>Gracias a la providencia Divina, y personas de buen coraz\u00f3n las hermanas \u00a0Hijas del Sagrado Coraz\u00f3n de Jes\u00fas en Minero &#8211; Bolivia\u00a0 contin\u00faan asistiendo diariamente a 45 ni\u00f1os\/as,\u00a0 apoyando a las\u00a0 familias de escasos recursos en la protecci\u00f3n y formaci\u00f3n de los futuros ciudadanos\u00a0\u00a0de nuestra comunidad.<\/p>\n","protected":false},"excerpt":{"rendered":"<p>Llega es mes julio y con el fr\u00edo las esperadas vacaciones de invierno. Los ni\u00f1os del centro San Jos\u00e9 esperan deseosos este tiempo, porque en este periodo se juntan los dos turnos ma\u00f1ana y tarde, y para algunos es la oportunidad de traer para asistir al centro sus hermanitos menores. En este periodo realizaran \u00a0actividades [&hellip;]<\/p>\n","protected":false},"author":2,"featured_media":3857,"comment_status":"closed","ping_status":"closed","sticky":false,"template":"","format":"standard","meta":{"_monsterinsights_skip_tracking":false,"_monsterinsights_sitenote_active":false,"_monsterinsights_sitenote_note":"","_monsterinsights_sitenote_category":0,"footnotes":""},"categories":[196],"tags":[487,485,489,488,486],"_links":{"self":[{"href":"https:\/\/www.alamis-odv.com\/es\/wp-json\/wp\/v2\/posts\/3856"}],"collection":[{"href":"https:\/\/www.alamis-odv.com\/es\/wp-json\/wp\/v2\/posts"}],"about":[{"href":"https:\/\/www.alamis-odv.com\/es\/wp-json\/wp\/v2\/types\/post"}],"author":[{"embeddable":true,"href":"https:\/\/www.alamis-odv.com\/es\/wp-json\/wp\/v2\/users\/2"}],"replies":[{"embeddable":true,"href":"https:\/\/www.alamis-odv.com\/es\/wp-json\/wp\/v2\/comments?post=3856"}],"version-history":[{"count":1,"href":"https:\/\/www.alamis-odv.com\/es\/wp-json\/wp\/v2\/posts\/3856\/revisions"}],"predecessor-version":[{"id":3887,"href":"https:\/\/www.alamis-odv.com\/es\/wp-json\/wp\/v2\/posts\/3856\/revisions\/3887"}],"wp:featuredmedia":[{"embeddable":true,"href":"https:\/\/www.alamis-odv.com\/es\/wp-json\/wp\/v2\/media\/3857"}],"wp:attachment":[{"href":"https:\/\/www.alamis-odv.com\/es\/wp-json\/wp\/v2\/media?parent=3856"}],"wp:term":[{"taxonomy":"category","embeddable":true,"href":"https:\/\/www.alamis-odv.com\/es\/wp-json\/wp\/v2\/categories?post=3856"},{"taxonomy":"post_tag","embeddable":true,"href":"https:\/\/www.alamis-odv.com\/es\/wp-json\/wp\/v2\/tags?post=3856"}],"curies":[{"name":"wp","href":"https:\/\/api.w.org\/{rel}","templated":true}]}}