{"id":3836,"date":"2018-07-30T13:23:57","date_gmt":"2018-07-30T13:23:57","guid":{"rendered":"http:\/\/www.alamis-onlus.com\/?p=3836"},"modified":"2018-07-30T13:23:57","modified_gmt":"2018-07-30T13:23:57","slug":"encontros-vocacionais-em-paraguay","status":"publish","type":"post","link":"https:\/\/www.alamis-odv.com\/es\/encontros-vocacionais-em-paraguay\/","title":{"rendered":"Encontros vocacionais em Paraguay"},"content":{"rendered":"<p>Nossa comunidade realiza os encontros formativos mensais para adolescentes e jovens de onze anos para cima, chamamos \u00a0\u00a0encontros de forma\u00e7\u00e3o para ser mais atraentes para elas, gra\u00e7as a Deus o grupo que participa \u00e9 bastante perseverante e gostam de participar,quando termina querem ficar mais: s\u00e3o das capelas S\u00e3o Br\u00e1s e Dios Padre Misericordioso.<\/p>\n<p>S\u00e3o jovens adolescentes como podem ver, mas continuamos com todo nosso empenho, O chamado \u00e9 de Deus a resposta \u00e9 pessoal,\u00a0 procuramos semear a boa semente.<\/p>\n<p>O dif\u00edcil \u00e9 acompanhar as dos col\u00e9gios, quando se escreve para elas sempre dizem: n\u00e3o eu marquei por marcar, eu quero casar-me, \u00a0outras n\u00e3o respondem. Outras ainda dizem: estou em processo. \u00c9 bastante desafiador porque os meios de comunica\u00e7\u00e3o, com seus atrativos, est\u00e3o tamb\u00e9m l\u00e1 no campo, por um lado gra\u00e7as a Deus que n\u00e3o s\u00e3o privados destes meios, com isso quero dizer que o mundo gira em torno do celular. E outros desafios n\u00e3o chegam em suas mentes.<\/p>\n<p>Mas cremos que apesar de tudo vale a pena continuar lutando e apostando nas jovens. Sinto que o que falta \u00e9 atingir mais a fam\u00edlia e os padres falar mais das voca\u00e7\u00f5es nas celebra\u00e7\u00f5es.<\/p>\n<p>Nossa comunidade abra\u00e7a junto esta causa! E a sua?<\/p>\n<p><img decoding=\"async\" loading=\"lazy\" src=\"http:\/\/www.alamis-odv.com\/wp-content\/uploads\/2018\/07\/vocazionale1-200x200.jpg\" alt=\"\" width=\"200\" height=\"200\" class=\"alignnone size-thumbnail wp-image-3842\" srcset=\"https:\/\/www.alamis-odv.com\/wp-content\/uploads\/2018\/07\/vocazionale1-200x200.jpg 200w, https:\/\/www.alamis-odv.com\/wp-content\/uploads\/2018\/07\/vocazionale1-100x100.jpg 100w\" sizes=\"(max-width: 200px) 100vw, 200px\" \/><\/p>\n","protected":false},"excerpt":{"rendered":"<p>Nossa comunidade realiza os encontros formativos mensais para adolescentes e jovens de onze anos para cima, chamamos \u00a0\u00a0encontros de forma\u00e7\u00e3o para ser mais atraentes para elas, gra\u00e7as a Deus o grupo que participa \u00e9 bastante perseverante e gostam de participar,quando termina querem ficar mais: s\u00e3o das capelas S\u00e3o Br\u00e1s e Dios Padre Misericordioso. S\u00e3o jovens [&hellip;]<\/p>\n","protected":false},"author":2,"featured_media":3837,"comment_status":"closed","ping_status":"closed","sticky":false,"template":"","format":"standard","meta":{"_monsterinsights_skip_tracking":false,"_monsterinsights_sitenote_active":false,"_monsterinsights_sitenote_note":"","_monsterinsights_sitenote_category":0,"footnotes":""},"categories":[204],"tags":[482,484,481,483],"_links":{"self":[{"href":"https:\/\/www.alamis-odv.com\/es\/wp-json\/wp\/v2\/posts\/3836"}],"collection":[{"href":"https:\/\/www.alamis-odv.com\/es\/wp-json\/wp\/v2\/posts"}],"about":[{"href":"https:\/\/www.alamis-odv.com\/es\/wp-json\/wp\/v2\/types\/post"}],"author":[{"embeddable":true,"href":"https:\/\/www.alamis-odv.com\/es\/wp-json\/wp\/v2\/users\/2"}],"replies":[{"embeddable":true,"href":"https:\/\/www.alamis-odv.com\/es\/wp-json\/wp\/v2\/comments?post=3836"}],"version-history":[{"count":1,"href":"https:\/\/www.alamis-odv.com\/es\/wp-json\/wp\/v2\/posts\/3836\/revisions"}],"predecessor-version":[{"id":3847,"href":"https:\/\/www.alamis-odv.com\/es\/wp-json\/wp\/v2\/posts\/3836\/revisions\/3847"}],"wp:featuredmedia":[{"embeddable":true,"href":"https:\/\/www.alamis-odv.com\/es\/wp-json\/wp\/v2\/media\/3837"}],"wp:attachment":[{"href":"https:\/\/www.alamis-odv.com\/es\/wp-json\/wp\/v2\/media?parent=3836"}],"wp:term":[{"taxonomy":"category","embeddable":true,"href":"https:\/\/www.alamis-odv.com\/es\/wp-json\/wp\/v2\/categories?post=3836"},{"taxonomy":"post_tag","embeddable":true,"href":"https:\/\/www.alamis-odv.com\/es\/wp-json\/wp\/v2\/tags?post=3836"}],"curies":[{"name":"wp","href":"https:\/\/api.w.org\/{rel}","templated":true}]}}